{"id":21681,"date":"2025-11-19T12:52:31","date_gmt":"2025-11-19T10:52:31","guid":{"rendered":"https:\/\/ilersis.org\/sin-categoria\/ilersis-renueva-el-distintivo-de-calidad-ambiental-y-se-suma-a-la-global-ecolabelling-network\/"},"modified":"2025-11-19T13:23:19","modified_gmt":"2025-11-19T11:23:19","slug":"ilersis-renueva-el-distintivo-de-calidad-ambiental-y-se-suma-a-la-global-ecolabelling-network","status":"publish","type":"post","link":"https:\/\/ilersis.org\/es\/packaging-de-madera\/ilersis-renueva-el-distintivo-de-calidad-ambiental-y-se-suma-a-la-global-ecolabelling-network\/","title":{"rendered":"Ilersis renueva el Distintivo de Calidad Ambiental y se suma a la Global Ecolabelling Network"},"content":{"rendered":"\n<p>La Fundaci\u00f3n Privada Ilersis ha renovado el Distintivo de garant\u00eda de calidad ambiental (DGQA) de la Generalitat de Catalunya para sus productos de madera y, al mismo tiempo, da un paso adelante en materia de sostenibilidad al integrarse en la <a href=\"https:\/\/globalecolabelling.net\/\" target=\"_blank\" rel=\"noreferrer noopener\">Global Ecolabelling Network (GEN),<\/a> la principal red mundial de ecoetiquetas de confianza.<\/p>\n\n<p>Esta nueva vinculaci\u00f3n demuestra que el sistema de DGQA ha sido revisado y validado seg\u00fan est\u00e1ndares internacionales muy exigentes (ISO 14024 para ecoetiquetas tipo I). De este modo, lo que hasta ahora era un distintivo reconocido en Catalu\u00f1a como sello verde se convierte ahora en una credencial con prestigio y reconocimiento internacional.   <\/p>\n\n<div style=\"height:30px\" aria-hidden=\"true\" class=\"wp-block-spacer\"><\/div>\n\n<h2 class=\"wp-block-heading\"><strong>\u00bfQu\u00e9 supone para Ilersis formar parte de la Global Ecolabelling Network?<\/strong><\/h2>\n\n<p>Para Ilersis y sus clientes, la incorporaci\u00f3n a la GEN supone un incremento de credibilidad, confianza y oportunidades de posicionamiento en mercados fuera de Catalu\u00f1a y del Estado. Entre las principales ventajas, destacamos cuatro: <\/p>\n\n<ol start=\"1\" class=\"wp-block-list\">\n<li><strong>Reconocimiento global<\/strong>: el DGQA se alinea con las ecoetiquetas consolidadas de todo el mundo y facilita su comprensi\u00f3n y valoraci\u00f3n en entornos internacionales.<\/li>\n\n\n\n<li><strong>Rigor y transparencia<\/strong>: la GEN s\u00f3lo integra ecoetiquetas basadas en criterios ambientales robustos, basados \u200b\u200ben el ciclo de vida del producto y con verificaciones independientes.<\/li>\n\n\n\n<li><strong>Ventaja en contrataciones y licitaciones<\/strong>: cada vez m\u00e1s concursos p\u00fablicos y privados valoran (o exigen) las ecoetiquetas tipo I de reconocimiento internacional.<\/li>\n\n\n\n<li><strong>Alianzas y sinergias<\/strong>: formar parte de la red permite compartir conocimiento y tendencias con otros sistemas de ecoetiquetado del mundo.<\/li>\n<\/ol>\n\n<div style=\"height:30px\" aria-hidden=\"true\" class=\"wp-block-spacer\"><\/div>\n\n<h2 class=\"wp-block-heading\"><strong>Continuar con el DGQA, una ventaja estrat\u00e9gica<\/strong><\/h2>\n\n<p>Continuar trabajando bajo el paraguas del DGQA \u2013 ahora reforzado por la GEN \u2013 va m\u00e1s all\u00e1 de disponer de una etiqueta \u201cverde\u201d; aporta garant\u00edas y transparencia en t\u00e9rminos ambientales:<\/p>\n\n<ul class=\"wp-block-list\">\n<li><strong>Sello p\u00fablico y de confianza<\/strong>: el DGQA es un distintivo oficial de la Generalitat de Catalunya, con un alto nivel de control y rigor t\u00e9cnico.<\/li>\n\n\n\n<li><strong>Criterios ambientales claros y verificables<\/strong>: para obtener y mantener el distintivo, Ilersis debe cumplir unos requisitos exigentes relacionados con el consumo de recursos, el uso de materias primas, la gesti\u00f3n de residuos y el dise\u00f1o de los envases.<\/li>\n\n\n\n<li><strong>Valor a\u00f1adido para las empresas<\/strong>: los productos con el DGQA demuestran un menor impacto ambiental, avalado por un sistema internacional de etiquetado.<\/li>\n\n\n\n<li><strong>Coherencia con estrategias ESG y RSC<\/strong> : incorporar productos con el distintivo de calidad ambiental ayuda a las empresas a demostrar, de forma tangible, su compromiso con la sostenibilidad en memorias corporativas, informes ESG o certificaciones ambientales.<\/li>\n<\/ul>\n\n<div style=\"height:30px\" aria-hidden=\"true\" class=\"wp-block-spacer\"><\/div>\n\n<h2 class=\"wp-block-heading\"><strong>\u00bfCu\u00e1les son los beneficios para las empresas que quieran comprar productos de madera con Ilersis?<\/strong><\/h2>\n\n<p>En sectores como el agroalimentario, el gourmet o el regalo corporativo, los estuches, expositores y otros productos de madera de Ilersis con DGQA ofrecen 3 ventajas competitivas:<\/p>\n\n<ol start=\"1\" class=\"wp-block-list\">\n<li>Diferenciaci\u00f3n en un mercado en el que el relato sostenible es cada vez m\u00e1s relevante.<\/li>\n\n\n\n<li>Soporte documental s\u00f3lido para ferias, exportaciones o pujas que valoran las ecoetiquetas tipo I.<\/li>\n\n\n\n<li>Un relato claro: la Fundaci\u00f3n Ilersis produce art\u00edculos de calidad con criterios de sostenibilidad verificables.  <\/li>\n<\/ol>\n\n<p>En resumen, la integraci\u00f3n del DGQA en la Global Ecolabelling Network, refuerza la posici\u00f3n de Ilersis como entidad de referencia en la producci\u00f3n de madera con criterios ambientales reconocidos internacionalmente.<\/p>\n\n<p><strong>Para saber m\u00e1s:<\/strong> <a href=\"https:\/\/govern.cat\/salapremsa\/notes-premsa\/756952\/distintiu-garantia-qualitat-ambiental-entra-formar-part-xarxa-lider-etiquetes-ecologiques-mes-creibles-fiables-del-mon\" target=\"_blank\" rel=\"noreferrer noopener\">El Distintivo de garant\u00eda de calidad ambiental entra a formar parte de red l\u00edder en etiquetas ecol\u00f3gicas m\u00e1s cre\u00edbles y fiables del mundo<\/a><\/p>\n\n<div style=\"height:100px\" aria-hidden=\"true\" class=\"wp-block-spacer\"><\/div>\n\n<p><\/p>\n","protected":false},"excerpt":{"rendered":"<p>La Fundaci\u00f3n Privada Ilersis ha renovado el Distintivo de garant\u00eda de calidad ambiental (DGQA) de la Generalitat de Catalunya para sus productos de madera y, al mismo tiempo, da un paso adelante en materia de sostenibilidad al integrarse en la Global Ecolabelling Network (GEN), la principal red mundial de ecoetiquetas de confianza. Esta nueva vinculaci\u00f3n [&hellip;]<\/p>\n","protected":false},"author":3,"featured_media":19418,"comment_status":"closed","ping_status":"open","sticky":false,"template":"","format":"standard","meta":{"footnotes":""},"categories":[100,105],"tags":[144],"class_list":["post-21681","post","type-post","status-publish","format-standard","has-post-thumbnail","hentry","category-ilersis-es","category-packaging-de-madera","tag-calidad"],"yoast_head":"<!-- This site is optimized with the Yoast SEO plugin v27.0 - https:\/\/yoast.com\/product\/yoast-seo-wordpress\/ -->\n<title>Ilersis renueva el Distintivo de Calidad Ambiental y se suma a la Global Ecolabelling Network - Ilersis<\/title>\n<meta name=\"description\" content=\"Ilersis ha renovado el Distintivo de garant\u00eda de calidad ambiental (DGQA) de la Generalitat y se integr\u00f3 en la Global Ecolabelling Network.\" \/>\n<meta name=\"robots\" content=\"index, follow, max-snippet:-1, max-image-preview:large, max-video-preview:-1\" \/>\n<link rel=\"canonical\" href=\"https:\/\/ilersis.org\/es\/packaging-de-madera\/ilersis-renueva-el-distintivo-de-calidad-ambiental-y-se-suma-a-la-global-ecolabelling-network\/\" \/>\n<meta property=\"og:locale\" content=\"es_ES\" \/>\n<meta property=\"og:type\" content=\"article\" \/>\n<meta property=\"og:title\" content=\"Ilersis renueva el Distintivo de Calidad Ambiental y se suma a la Global Ecolabelling Network - Ilersis\" \/>\n<meta property=\"og:description\" content=\"Ilersis ha renovado el Distintivo de garant\u00eda de calidad ambiental (DGQA) de la Generalitat y se integr\u00f3 en la Global Ecolabelling Network.\" \/>\n<meta property=\"og:url\" content=\"https:\/\/ilersis.org\/es\/packaging-de-madera\/ilersis-renueva-el-distintivo-de-calidad-ambiental-y-se-suma-a-la-global-ecolabelling-network\/\" \/>\n<meta property=\"og:site_name\" content=\"Ilersis\" \/>\n<meta property=\"article:publisher\" content=\"https:\/\/www.facebook.com\/fundacioIlersis\" \/>\n<meta property=\"article:published_time\" content=\"2025-11-19T10:52:31+00:00\" \/>\n<meta property=\"article:modified_time\" content=\"2025-11-19T11:23:19+00:00\" \/>\n<meta property=\"og:image\" content=\"https:\/\/ilersis.org\/wp-content\/uploads\/2024\/12\/fusteria_grapado_4.jpg\" \/>\n\t<meta property=\"og:image:width\" content=\"900\" \/>\n\t<meta property=\"og:image:height\" content=\"600\" \/>\n\t<meta property=\"og:image:type\" content=\"image\/jpeg\" \/>\n<meta name=\"author\" content=\"Laia Dolcet\" \/>\n<meta name=\"twitter:card\" content=\"summary_large_image\" \/>\n<meta name=\"twitter:creator\" content=\"@ILERSISfundacio\" \/>\n<meta name=\"twitter:site\" content=\"@ILERSISfundacio\" \/>\n<meta name=\"twitter:label1\" content=\"Escrito por\" \/>\n\t<meta name=\"twitter:data1\" content=\"Laia Dolcet\" \/>\n\t<meta name=\"twitter:label2\" content=\"Tiempo de lectura\" \/>\n\t<meta name=\"twitter:data2\" content=\"3 minutos\" \/>\n<script type=\"application\/ld+json\" class=\"yoast-schema-graph\">{\"@context\":\"https:\/\/schema.org\",\"@graph\":[{\"@type\":\"Article\",\"@id\":\"https:\/\/ilersis.org\/es\/packaging-de-madera\/ilersis-renueva-el-distintivo-de-calidad-ambiental-y-se-suma-a-la-global-ecolabelling-network\/#article\",\"isPartOf\":{\"@id\":\"https:\/\/ilersis.org\/es\/packaging-de-madera\/ilersis-renueva-el-distintivo-de-calidad-ambiental-y-se-suma-a-la-global-ecolabelling-network\/\"},\"author\":{\"name\":\"Laia Dolcet\",\"@id\":\"https:\/\/ilersis.org\/es\/#\/schema\/person\/83dad7a1744c08cc601e6c38ae993734\"},\"headline\":\"Ilersis renueva el Distintivo de Calidad Ambiental y se suma a la Global Ecolabelling Network\",\"datePublished\":\"2025-11-19T10:52:31+00:00\",\"dateModified\":\"2025-11-19T11:23:19+00:00\",\"mainEntityOfPage\":{\"@id\":\"https:\/\/ilersis.org\/es\/packaging-de-madera\/ilersis-renueva-el-distintivo-de-calidad-ambiental-y-se-suma-a-la-global-ecolabelling-network\/\"},\"wordCount\":587,\"publisher\":{\"@id\":\"https:\/\/ilersis.org\/es\/#organization\"},\"image\":{\"@id\":\"https:\/\/ilersis.org\/es\/packaging-de-madera\/ilersis-renueva-el-distintivo-de-calidad-ambiental-y-se-suma-a-la-global-ecolabelling-network\/#primaryimage\"},\"thumbnailUrl\":\"https:\/\/ilersis.org\/wp-content\/uploads\/2024\/12\/fusteria_grapado_4.jpg\",\"keywords\":[\"Calidad\"],\"articleSection\":[\"Ilersis\",\"Packaging de madera\"],\"inLanguage\":\"es\"},{\"@type\":\"WebPage\",\"@id\":\"https:\/\/ilersis.org\/es\/packaging-de-madera\/ilersis-renueva-el-distintivo-de-calidad-ambiental-y-se-suma-a-la-global-ecolabelling-network\/\",\"url\":\"https:\/\/ilersis.org\/es\/packaging-de-madera\/ilersis-renueva-el-distintivo-de-calidad-ambiental-y-se-suma-a-la-global-ecolabelling-network\/\",\"name\":\"Ilersis renueva el Distintivo de Calidad Ambiental y se suma a la Global Ecolabelling Network - Ilersis\",\"isPartOf\":{\"@id\":\"https:\/\/ilersis.org\/es\/#website\"},\"primaryImageOfPage\":{\"@id\":\"https:\/\/ilersis.org\/es\/packaging-de-madera\/ilersis-renueva-el-distintivo-de-calidad-ambiental-y-se-suma-a-la-global-ecolabelling-network\/#primaryimage\"},\"image\":{\"@id\":\"https:\/\/ilersis.org\/es\/packaging-de-madera\/ilersis-renueva-el-distintivo-de-calidad-ambiental-y-se-suma-a-la-global-ecolabelling-network\/#primaryimage\"},\"thumbnailUrl\":\"https:\/\/ilersis.org\/wp-content\/uploads\/2024\/12\/fusteria_grapado_4.jpg\",\"datePublished\":\"2025-11-19T10:52:31+00:00\",\"dateModified\":\"2025-11-19T11:23:19+00:00\",\"description\":\"Ilersis ha renovado el Distintivo de garant\u00eda de calidad ambiental (DGQA) de la Generalitat y se integr\u00f3 en la Global Ecolabelling Network.\",\"breadcrumb\":{\"@id\":\"https:\/\/ilersis.org\/es\/packaging-de-madera\/ilersis-renueva-el-distintivo-de-calidad-ambiental-y-se-suma-a-la-global-ecolabelling-network\/#breadcrumb\"},\"inLanguage\":\"es\",\"potentialAction\":[{\"@type\":\"ReadAction\",\"target\":[\"https:\/\/ilersis.org\/es\/packaging-de-madera\/ilersis-renueva-el-distintivo-de-calidad-ambiental-y-se-suma-a-la-global-ecolabelling-network\/\"]}]},{\"@type\":\"ImageObject\",\"inLanguage\":\"es\",\"@id\":\"https:\/\/ilersis.org\/es\/packaging-de-madera\/ilersis-renueva-el-distintivo-de-calidad-ambiental-y-se-suma-a-la-global-ecolabelling-network\/#primaryimage\",\"url\":\"https:\/\/ilersis.org\/wp-content\/uploads\/2024\/12\/fusteria_grapado_4.jpg\",\"contentUrl\":\"https:\/\/ilersis.org\/wp-content\/uploads\/2024\/12\/fusteria_grapado_4.jpg\",\"width\":900,\"height\":600,\"caption\":\"Caixes de fusta d'Ilersis\"},{\"@type\":\"BreadcrumbList\",\"@id\":\"https:\/\/ilersis.org\/es\/packaging-de-madera\/ilersis-renueva-el-distintivo-de-calidad-ambiental-y-se-suma-a-la-global-ecolabelling-network\/#breadcrumb\",\"itemListElement\":[{\"@type\":\"ListItem\",\"position\":1,\"name\":\"Hogar\",\"item\":\"https:\/\/ilersis.org\/es\/\"},{\"@type\":\"ListItem\",\"position\":2,\"name\":\"Ilersis renueva el Distintivo de Calidad Ambiental y se suma a la Global Ecolabelling Network\"}]},{\"@type\":\"WebSite\",\"@id\":\"https:\/\/ilersis.org\/es\/#website\",\"url\":\"https:\/\/ilersis.org\/es\/\",\"name\":\"Ilersis\",\"description\":\"Fundaci\u00f3n Ilersis\",\"publisher\":{\"@id\":\"https:\/\/ilersis.org\/es\/#organization\"},\"potentialAction\":[{\"@type\":\"SearchAction\",\"target\":{\"@type\":\"EntryPoint\",\"urlTemplate\":\"https:\/\/ilersis.org\/es\/?s={search_term_string}\"},\"query-input\":{\"@type\":\"PropertyValueSpecification\",\"valueRequired\":true,\"valueName\":\"search_term_string\"}}],\"inLanguage\":\"es\"},{\"@type\":\"Organization\",\"@id\":\"https:\/\/ilersis.org\/es\/#organization\",\"name\":\"Ilersis Fundaci\u00f3 Privada\",\"url\":\"https:\/\/ilersis.org\/es\/\",\"logo\":{\"@type\":\"ImageObject\",\"inLanguage\":\"es\",\"@id\":\"https:\/\/ilersis.org\/es\/#\/schema\/logo\/image\/\",\"url\":\"https:\/\/ilersis.org\/wp-content\/uploads\/2024\/10\/logo-ilersis-sin-fondo.png\",\"contentUrl\":\"https:\/\/ilersis.org\/wp-content\/uploads\/2024\/10\/logo-ilersis-sin-fondo.png\",\"width\":595,\"height\":197,\"caption\":\"Ilersis Fundaci\u00f3 Privada\"},\"image\":{\"@id\":\"https:\/\/ilersis.org\/es\/#\/schema\/logo\/image\/\"},\"sameAs\":[\"https:\/\/www.facebook.com\/fundacioIlersis\",\"https:\/\/x.com\/ILERSISfundacio\",\"https:\/\/www.linkedin.com\/company\/fundacioilersis\/\"]},{\"@type\":\"Person\",\"@id\":\"https:\/\/ilersis.org\/es\/#\/schema\/person\/83dad7a1744c08cc601e6c38ae993734\",\"name\":\"Laia Dolcet\",\"image\":{\"@type\":\"ImageObject\",\"inLanguage\":\"es\",\"@id\":\"https:\/\/ilersis.org\/es\/#\/schema\/person\/image\/\",\"url\":\"https:\/\/secure.gravatar.com\/avatar\/3070e77d44334ce5fade6c8b743117f22c1cecd86c741090b83e8fae856f764b?s=96&d=mm&r=g\",\"contentUrl\":\"https:\/\/secure.gravatar.com\/avatar\/3070e77d44334ce5fade6c8b743117f22c1cecd86c741090b83e8fae856f764b?s=96&d=mm&r=g\",\"caption\":\"Laia Dolcet\"},\"url\":\"https:\/\/ilersis.org\/es\/author\/laiadeparaula-com\/\"}]}<\/script>\n<!-- \/ Yoast SEO plugin. -->","yoast_head_json":{"title":"Ilersis renueva el Distintivo de Calidad Ambiental y se suma a la Global Ecolabelling Network - Ilersis","description":"Ilersis ha renovado el Distintivo de garant\u00eda de calidad ambiental (DGQA) de la Generalitat y se integr\u00f3 en la Global Ecolabelling Network.","robots":{"index":"index","follow":"follow","max-snippet":"max-snippet:-1","max-image-preview":"max-image-preview:large","max-video-preview":"max-video-preview:-1"},"canonical":"https:\/\/ilersis.org\/es\/packaging-de-madera\/ilersis-renueva-el-distintivo-de-calidad-ambiental-y-se-suma-a-la-global-ecolabelling-network\/","og_locale":"es_ES","og_type":"article","og_title":"Ilersis renueva el Distintivo de Calidad Ambiental y se suma a la Global Ecolabelling Network - Ilersis","og_description":"Ilersis ha renovado el Distintivo de garant\u00eda de calidad ambiental (DGQA) de la Generalitat y se integr\u00f3 en la Global Ecolabelling Network.","og_url":"https:\/\/ilersis.org\/es\/packaging-de-madera\/ilersis-renueva-el-distintivo-de-calidad-ambiental-y-se-suma-a-la-global-ecolabelling-network\/","og_site_name":"Ilersis","article_publisher":"https:\/\/www.facebook.com\/fundacioIlersis","article_published_time":"2025-11-19T10:52:31+00:00","article_modified_time":"2025-11-19T11:23:19+00:00","og_image":[{"width":900,"height":600,"url":"https:\/\/ilersis.org\/wp-content\/uploads\/2024\/12\/fusteria_grapado_4.jpg","type":"image\/jpeg"}],"author":"Laia Dolcet","twitter_card":"summary_large_image","twitter_creator":"@ILERSISfundacio","twitter_site":"@ILERSISfundacio","twitter_misc":{"Escrito por":"Laia Dolcet","Tiempo de lectura":"3 minutos"},"schema":{"@context":"https:\/\/schema.org","@graph":[{"@type":"Article","@id":"https:\/\/ilersis.org\/es\/packaging-de-madera\/ilersis-renueva-el-distintivo-de-calidad-ambiental-y-se-suma-a-la-global-ecolabelling-network\/#article","isPartOf":{"@id":"https:\/\/ilersis.org\/es\/packaging-de-madera\/ilersis-renueva-el-distintivo-de-calidad-ambiental-y-se-suma-a-la-global-ecolabelling-network\/"},"author":{"name":"Laia Dolcet","@id":"https:\/\/ilersis.org\/es\/#\/schema\/person\/83dad7a1744c08cc601e6c38ae993734"},"headline":"Ilersis renueva el Distintivo de Calidad Ambiental y se suma a la Global Ecolabelling Network","datePublished":"2025-11-19T10:52:31+00:00","dateModified":"2025-11-19T11:23:19+00:00","mainEntityOfPage":{"@id":"https:\/\/ilersis.org\/es\/packaging-de-madera\/ilersis-renueva-el-distintivo-de-calidad-ambiental-y-se-suma-a-la-global-ecolabelling-network\/"},"wordCount":587,"publisher":{"@id":"https:\/\/ilersis.org\/es\/#organization"},"image":{"@id":"https:\/\/ilersis.org\/es\/packaging-de-madera\/ilersis-renueva-el-distintivo-de-calidad-ambiental-y-se-suma-a-la-global-ecolabelling-network\/#primaryimage"},"thumbnailUrl":"https:\/\/ilersis.org\/wp-content\/uploads\/2024\/12\/fusteria_grapado_4.jpg","keywords":["Calidad"],"articleSection":["Ilersis","Packaging de madera"],"inLanguage":"es"},{"@type":"WebPage","@id":"https:\/\/ilersis.org\/es\/packaging-de-madera\/ilersis-renueva-el-distintivo-de-calidad-ambiental-y-se-suma-a-la-global-ecolabelling-network\/","url":"https:\/\/ilersis.org\/es\/packaging-de-madera\/ilersis-renueva-el-distintivo-de-calidad-ambiental-y-se-suma-a-la-global-ecolabelling-network\/","name":"Ilersis renueva el Distintivo de Calidad Ambiental y se suma a la Global Ecolabelling Network - Ilersis","isPartOf":{"@id":"https:\/\/ilersis.org\/es\/#website"},"primaryImageOfPage":{"@id":"https:\/\/ilersis.org\/es\/packaging-de-madera\/ilersis-renueva-el-distintivo-de-calidad-ambiental-y-se-suma-a-la-global-ecolabelling-network\/#primaryimage"},"image":{"@id":"https:\/\/ilersis.org\/es\/packaging-de-madera\/ilersis-renueva-el-distintivo-de-calidad-ambiental-y-se-suma-a-la-global-ecolabelling-network\/#primaryimage"},"thumbnailUrl":"https:\/\/ilersis.org\/wp-content\/uploads\/2024\/12\/fusteria_grapado_4.jpg","datePublished":"2025-11-19T10:52:31+00:00","dateModified":"2025-11-19T11:23:19+00:00","description":"Ilersis ha renovado el Distintivo de garant\u00eda de calidad ambiental (DGQA) de la Generalitat y se integr\u00f3 en la Global Ecolabelling Network.","breadcrumb":{"@id":"https:\/\/ilersis.org\/es\/packaging-de-madera\/ilersis-renueva-el-distintivo-de-calidad-ambiental-y-se-suma-a-la-global-ecolabelling-network\/#breadcrumb"},"inLanguage":"es","potentialAction":[{"@type":"ReadAction","target":["https:\/\/ilersis.org\/es\/packaging-de-madera\/ilersis-renueva-el-distintivo-de-calidad-ambiental-y-se-suma-a-la-global-ecolabelling-network\/"]}]},{"@type":"ImageObject","inLanguage":"es","@id":"https:\/\/ilersis.org\/es\/packaging-de-madera\/ilersis-renueva-el-distintivo-de-calidad-ambiental-y-se-suma-a-la-global-ecolabelling-network\/#primaryimage","url":"https:\/\/ilersis.org\/wp-content\/uploads\/2024\/12\/fusteria_grapado_4.jpg","contentUrl":"https:\/\/ilersis.org\/wp-content\/uploads\/2024\/12\/fusteria_grapado_4.jpg","width":900,"height":600,"caption":"Caixes de fusta d'Ilersis"},{"@type":"BreadcrumbList","@id":"https:\/\/ilersis.org\/es\/packaging-de-madera\/ilersis-renueva-el-distintivo-de-calidad-ambiental-y-se-suma-a-la-global-ecolabelling-network\/#breadcrumb","itemListElement":[{"@type":"ListItem","position":1,"name":"Hogar","item":"https:\/\/ilersis.org\/es\/"},{"@type":"ListItem","position":2,"name":"Ilersis renueva el Distintivo de Calidad Ambiental y se suma a la Global Ecolabelling Network"}]},{"@type":"WebSite","@id":"https:\/\/ilersis.org\/es\/#website","url":"https:\/\/ilersis.org\/es\/","name":"Ilersis","description":"Fundaci\u00f3n Ilersis","publisher":{"@id":"https:\/\/ilersis.org\/es\/#organization"},"potentialAction":[{"@type":"SearchAction","target":{"@type":"EntryPoint","urlTemplate":"https:\/\/ilersis.org\/es\/?s={search_term_string}"},"query-input":{"@type":"PropertyValueSpecification","valueRequired":true,"valueName":"search_term_string"}}],"inLanguage":"es"},{"@type":"Organization","@id":"https:\/\/ilersis.org\/es\/#organization","name":"Ilersis Fundaci\u00f3 Privada","url":"https:\/\/ilersis.org\/es\/","logo":{"@type":"ImageObject","inLanguage":"es","@id":"https:\/\/ilersis.org\/es\/#\/schema\/logo\/image\/","url":"https:\/\/ilersis.org\/wp-content\/uploads\/2024\/10\/logo-ilersis-sin-fondo.png","contentUrl":"https:\/\/ilersis.org\/wp-content\/uploads\/2024\/10\/logo-ilersis-sin-fondo.png","width":595,"height":197,"caption":"Ilersis Fundaci\u00f3 Privada"},"image":{"@id":"https:\/\/ilersis.org\/es\/#\/schema\/logo\/image\/"},"sameAs":["https:\/\/www.facebook.com\/fundacioIlersis","https:\/\/x.com\/ILERSISfundacio","https:\/\/www.linkedin.com\/company\/fundacioilersis\/"]},{"@type":"Person","@id":"https:\/\/ilersis.org\/es\/#\/schema\/person\/83dad7a1744c08cc601e6c38ae993734","name":"Laia Dolcet","image":{"@type":"ImageObject","inLanguage":"es","@id":"https:\/\/ilersis.org\/es\/#\/schema\/person\/image\/","url":"https:\/\/secure.gravatar.com\/avatar\/3070e77d44334ce5fade6c8b743117f22c1cecd86c741090b83e8fae856f764b?s=96&d=mm&r=g","contentUrl":"https:\/\/secure.gravatar.com\/avatar\/3070e77d44334ce5fade6c8b743117f22c1cecd86c741090b83e8fae856f764b?s=96&d=mm&r=g","caption":"Laia Dolcet"},"url":"https:\/\/ilersis.org\/es\/author\/laiadeparaula-com\/"}]}},"_links":{"self":[{"href":"https:\/\/ilersis.org\/es\/wp-json\/wp\/v2\/posts\/21681","targetHints":{"allow":["GET"]}}],"collection":[{"href":"https:\/\/ilersis.org\/es\/wp-json\/wp\/v2\/posts"}],"about":[{"href":"https:\/\/ilersis.org\/es\/wp-json\/wp\/v2\/types\/post"}],"author":[{"embeddable":true,"href":"https:\/\/ilersis.org\/es\/wp-json\/wp\/v2\/users\/3"}],"replies":[{"embeddable":true,"href":"https:\/\/ilersis.org\/es\/wp-json\/wp\/v2\/comments?post=21681"}],"version-history":[{"count":3,"href":"https:\/\/ilersis.org\/es\/wp-json\/wp\/v2\/posts\/21681\/revisions"}],"predecessor-version":[{"id":21684,"href":"https:\/\/ilersis.org\/es\/wp-json\/wp\/v2\/posts\/21681\/revisions\/21684"}],"wp:featuredmedia":[{"embeddable":true,"href":"https:\/\/ilersis.org\/es\/wp-json\/wp\/v2\/media\/19418"}],"wp:attachment":[{"href":"https:\/\/ilersis.org\/es\/wp-json\/wp\/v2\/media?parent=21681"}],"wp:term":[{"taxonomy":"category","embeddable":true,"href":"https:\/\/ilersis.org\/es\/wp-json\/wp\/v2\/categories?post=21681"},{"taxonomy":"post_tag","embeddable":true,"href":"https:\/\/ilersis.org\/es\/wp-json\/wp\/v2\/tags?post=21681"}],"curies":[{"name":"wp","href":"https:\/\/api.w.org\/{rel}","templated":true}]}}