{"id":21522,"date":"2025-09-10T13:29:37","date_gmt":"2025-09-10T11:29:37","guid":{"rendered":"https:\/\/ilersis.org\/sin-categoria\/carlos-burgues-reparar-el-plastico-puede-suponer-hasta-un-70-de-ahorro-respecto-a-la-fabricacion-de-una-pieza-nueva\/"},"modified":"2025-09-15T16:10:17","modified_gmt":"2025-09-15T14:10:17","slug":"carlos-burgues-reparar-el-plastico-puede-suponer-hasta-un-70-de-ahorro-respecto-a-la-fabricacion-de-una-pieza-nueva","status":"publish","type":"post","link":"https:\/\/ilersis.org\/es\/ilersis-es\/carlos-burgues-reparar-el-plastico-puede-suponer-hasta-un-70-de-ahorro-respecto-a-la-fabricacion-de-una-pieza-nueva\/","title":{"rendered":"Carlos Burgu\u00e9s: \u00abReparar el pl\u00e1stico puede suponer hasta un 70% de ahorro respecto a la fabricaci\u00f3n de una pieza nueva\u00bb"},"content":{"rendered":"\n<p><strong>Entrevistamos a Carlos Burgu\u00e9s, el responsable del nuevo servicio de reciclaje de pl\u00e1stico de Ilersis. Un proyecto que alarga la vida del pl\u00e1stico y abre puertas laborales.  <\/strong><\/p>\n\n\n\n<div style=\"height:20px\" aria-hidden=\"true\" class=\"wp-block-spacer\"><\/div>\n\n\n\n<h2 class=\"wp-block-heading\">\u00bfCu\u00e1l es tu papel en la Fundaci\u00f3n Ilersis <em>?<\/em><\/h2>\n\n\n\n<p>&#8211; Formo parte de la oficina t\u00e9cnica de Brigadas de servicios de la Fundaci\u00f3n Privada Ilersis. Desde enero de este a\u00f1o, mi papel consiste en la coordinaci\u00f3n y supervisi\u00f3n de personal y producci\u00f3n del nuevo servicio de reparaci\u00f3n de contenedores, pal\u00e9s y elementos de pl\u00e1stico, mediante soldadura con hilo de polipropileno (PP) y polietileno de alta densidad (PEHD). Por otra parte, llevo a cabo otras tareas en el departamento como la gesti\u00f3n y coordinaci\u00f3n del parque de veh\u00edculos de la entidad, la supervisi\u00f3n t\u00e9cnica de Agroilersis y el apoyo administrativo en facturaci\u00f3n, seguimiento trabajadores\/as, comunicados de trabajo y mantenimientos.  <\/p>\n\n\n\n<div style=\"height:20px\" aria-hidden=\"true\" class=\"wp-block-spacer\"><\/div>\n\n\n\n<h2 class=\"wp-block-heading\">\u00bfCu\u00e1ndo empezaste a trabajar y qu\u00e9 te motiv\u00f3 a formar parte del proyecto de Ilersis?<\/h2>\n\n\n\n<p>\u2014 Me incorpor\u00e9 a la Fundaci\u00f3n en marzo de 2023. Durante muchos a\u00f1os trabaj\u00e9 en la direcci\u00f3n t\u00e9cnica y productiva de una explotaci\u00f3n agropecuaria, pero con el tiempo me di cuenta de que necesitaba un cambio: ese trabajo ya no me motivaba como antes. Quer\u00eda una tarea m\u00e1s orientada a las personas y formar parte de un proyecto con nuevos retos, comprometido con la inclusi\u00f3n y la transformaci\u00f3n social.  <\/p>\n\n\n\n<p>Algunas personas de la Fundaci\u00f3n Privada Ilersis me hab\u00edan hablado de su proyecto y me transmitieron su ilusi\u00f3n. Cuando se me present\u00f3 la oportunidad, present\u00e9 la candidatura. <\/p>\n\n\n\n<div style=\"height:20px\" aria-hidden=\"true\" class=\"wp-block-spacer\"><\/div>\n\n\n\n<h2 class=\"wp-block-heading\">\u00bfEn qu\u00e9 consiste este nuevo servicio de reciclaje de pl\u00e1stico? \u00bfQu\u00e9 tipo de tareas realiza? <\/h2>\n\n\n\n<p>\u2014 El servicio consiste en reparar contenedores, pal\u00e9s, dep\u00f3sitos, boxes, cajas y otros elementos de pl\u00e1stico mediante soldadura con hilo de polipropileno (PP) y polietileno de alta densidad (PEHD), con el objetivo de alargar su vida \u00fatil y recuperar su seguridad y estanqueidad. Trabajamos con m\u00e1quinas extrusoras que garantizan uniones s\u00f3lidas y de calidad. <\/p>\n\n\n\n<div style=\"height:20px\" aria-hidden=\"true\" class=\"wp-block-spacer\"><\/div>\n\n\n\n<h2 class=\"wp-block-heading\">\u00bfQu\u00e9 les llev\u00f3 a impulsar este servicio? <\/h2>\n\n\n\n<p>\u2014 En los territorios como Lleida, con un fuerte peso agr\u00edcola, detectamos que muchas empresas deb\u00edan enviar las reparaciones fuera de Catalu\u00f1a, Valencia o Murcia, con los costes y la log\u00edstica que ello implica. Ofrecer el servicio de proximidad reduce tiempo y gastos y, adem\u00e1s, la reparaci\u00f3n puede suponer hasta un 70% de ahorro respecto a la fabricaci\u00f3n de una nueva pieza de pl\u00e1stico. Esto comporta tambi\u00e9n una reducci\u00f3n de la huella de carbono. Son procesos que contribuyen a una mejor optimizaci\u00f3n de los recursos y la sostenibilidad.   <\/p>\n\n\n\n<div style=\"height:20px\" aria-hidden=\"true\" class=\"wp-block-spacer\"><\/div>\n\n\n\n<h2 class=\"wp-block-heading\">Desde su perspectiva, \u00bfpor qu\u00e9 es importante apostar por iniciativas como \u00e9sta?<\/h2>\n\n\n\n<p>&#8211; Para la Fundaci\u00f3n Ilersis, el proyecto est\u00e1 plenamente alineado con nuestra misi\u00f3n. Como Centro Especial de Empleo genera nuevas oportunidades laborales para personas con discapacidad o en riesgo de exclusi\u00f3n y refuerza su empleabilidad a trav\u00e9s de formaci\u00f3n y acompa\u00f1amiento. Asimismo impulsa la econom\u00eda circular, porque alarga la vida \u00fatil de elementos de pl\u00e1stico y reduce residuos y emisiones asociadas a la fabricaci\u00f3n y transporte de nuevos productos. Para el tejido empresarial del territorio, especialmente para las peque\u00f1as y medianas empresas, supone un ahorro econ\u00f3mico y una mayor durabilidad de su equipamiento.   <\/p>\n\n\n\n<div style=\"height:20px\" aria-hidden=\"true\" class=\"wp-block-spacer\"><\/div>\n\n\n\n<h2 class=\"wp-block-heading\">As\u00ed, \u00bfsu cliente principal son pymes?<\/h2>\n\n\n\n<p>\u2014 El servicio se dirige a todas aquellas empresas y clientes particulares que deseen dar una soluci\u00f3n de reciclaje de pl\u00e1stico eficiente y sostenible. Empresas frut\u00edcolas, agroalimentarias, maquinaria agr\u00edcola. Actualmente, estamos colaborando con empresas como Grupo Alimentario Argal, Frutas Font, Vall Companys, Symrise, Urgellnet, Dh\u00f6ler, Talleres Corbins, Tractor Minguell, adem\u00e1s de explorar nuevas colaboraciones para ampliar el alcance de nuestro servicio.  <\/p>\n\n\n\n<div style=\"height:20px\" aria-hidden=\"true\" class=\"wp-block-spacer\"><\/div>\n\n\n\n<h2 class=\"wp-block-heading\">Lo ofrece en Balaguer. \u00bfPor qu\u00e9 decidi\u00f3 empezar por esta localidad? \u00bfExiste previsi\u00f3n de ampliarlo a otras zonas del territorio?  <\/h2>\n\n\n\n<p>\u2014 Empezamos en Balaguer porque hab\u00eda una actividad econ\u00f3mica ya operativa como Centro Especial de Empleo y las personas que la gestionaban quer\u00edan dar un paso al lado. En Ilersis lo vimos como una buena oportunidad para crear empleo para las personas de nuestro coletivo que viven en la comarca de La Noguera. Actualmente, estamos en fase de crecimiento y consolidaci\u00f3n, y no descartamos expandir el servicio a otras zonas ni incorporar la reparaci\u00f3n de otros materiales como el PVC, la poliamida o la fibra de vidrio.<\/p>\n\n\n\n<div style=\"height:20px\" aria-hidden=\"true\" class=\"wp-block-spacer\"><\/div>\n\n\n\n<h2 class=\"wp-block-heading\">\u00bfCu\u00e1ntas personas trabajan en la Fundaci\u00f3n? \u00bfQu\u00e9 impacto tiene el proyecto en sus vidas? <\/h2>\n\n\n\n<p>\u2014 Actualmente, trabajan ocho personas de la Fundaci\u00f3n, todas con discapacidad o en riesgo de exclusi\u00f3n social. Priorizamos la contrataci\u00f3n de residentes en Balaguer y disponemos de equipos multidisciplinares de apoyo que realizan el plan de acogida y el seguimiento individualizado de objetivos. Ofrecemos orientaci\u00f3n y acciones formativas para mejorar la empleabilidad y, a corto plazo, prevemos nuevas incorporaciones para continuar garantizando un servicio de calidad.  <\/p>\n\n\n\n<div style=\"height:20px\" aria-hidden=\"true\" class=\"wp-block-spacer\"><\/div>\n\n\n\n<h2 class=\"wp-block-heading\">Por \u00faltimo, \u00bfc\u00f3mo imaginas el futuro de este servicio? \u00bfQu\u00e9 retos u oportunidades les gustar\u00eda explorar? <\/h2>\n\n\n\n<p>\u2014 Durante a\u00f1os, la tendencia de la sociedad ha sido el modelo consumista basado en la producci\u00f3n masiva y el consumo excesivo. El cambio de paradigma hacia modelos de producci\u00f3n y consumo m\u00e1s responsables abre un escenario muy favorable. Nos proponemos explorar nuevos mercados y colaboraciones, ampliar su capacidad de reparaci\u00f3n y consolidar un modelo sostenible e inclusivo. Los principales retos implican captar nuevos clientes para incrementar la contrataci\u00f3n de las personas del Centro Especial de Empleo y para adecuar espacios y maquinaria, con nuevas infraestructuras que mejoren la calidad del servicio.   <\/p>\n\n\n\n<div style=\"height:100px\" aria-hidden=\"true\" class=\"wp-block-spacer\"><\/div>\n\n\n\n<p><\/p>\n","protected":false},"excerpt":{"rendered":"<p>Entrevistamos a Carlos Burgu\u00e9s, responsable del nuevo servicio de reciclaje de pl\u00e1stico de Ilersis. Un proyecto que alarga la vida del pl\u00e1stico y abre sus puertas laborales.   <\/p>\n","protected":false},"author":3,"featured_media":21525,"comment_status":"closed","ping_status":"open","sticky":false,"template":"","format":"standard","meta":{"footnotes":""},"categories":[136,100,101],"tags":[134,133],"class_list":["post-21522","post","type-post","status-publish","format-standard","has-post-thumbnail","hentry","category-entrevistas","category-ilersis-es","category-insercion-laboral","tag-cet-es","tag-reparacion-de-plastico"],"yoast_head":"<!-- This site is optimized with the Yoast SEO plugin v27.0 - https:\/\/yoast.com\/product\/yoast-seo-wordpress\/ -->\n<title>Carlos Burgu\u00e9s: &quot;Reparar el pl\u00e1stico puede suponer hasta un 70% de ahorro respecto a la fabricaci\u00f3n de una pieza nueva&quot; - Ilersis<\/title>\n<meta name=\"description\" content=\"Entrevista a Carlos Burgu\u00e9s, servicio de reciclaje de pl\u00e1stico de Ilersis.\" \/>\n<meta name=\"robots\" content=\"index, follow, max-snippet:-1, max-image-preview:large, max-video-preview:-1\" \/>\n<link rel=\"canonical\" href=\"https:\/\/ilersis.org\/es\/ilersis-es\/carlos-burgues-reparar-el-plastico-puede-suponer-hasta-un-70-de-ahorro-respecto-a-la-fabricacion-de-una-pieza-nueva\/\" \/>\n<meta property=\"og:locale\" content=\"es_ES\" \/>\n<meta property=\"og:type\" content=\"article\" \/>\n<meta property=\"og:title\" content=\"Carlos Burgu\u00e9s: &quot;Reparar el pl\u00e1stico puede suponer hasta un 70% de ahorro respecto a la fabricaci\u00f3n de una pieza nueva&quot; - Ilersis\" \/>\n<meta property=\"og:description\" content=\"Entrevista a Carlos Burgu\u00e9s, servicio de reciclaje de pl\u00e1stico de Ilersis.\" \/>\n<meta property=\"og:url\" content=\"https:\/\/ilersis.org\/es\/ilersis-es\/carlos-burgues-reparar-el-plastico-puede-suponer-hasta-un-70-de-ahorro-respecto-a-la-fabricacion-de-una-pieza-nueva\/\" \/>\n<meta property=\"og:site_name\" content=\"Ilersis\" \/>\n<meta property=\"article:publisher\" content=\"https:\/\/www.facebook.com\/fundacioIlersis\" \/>\n<meta property=\"article:published_time\" content=\"2025-09-10T11:29:37+00:00\" \/>\n<meta property=\"article:modified_time\" content=\"2025-09-15T14:10:17+00:00\" \/>\n<meta property=\"og:image\" content=\"https:\/\/ilersis.org\/wp-content\/uploads\/2025\/09\/Burgues-4-e1757931201740.jpg\" \/>\n\t<meta property=\"og:image:width\" content=\"900\" \/>\n\t<meta property=\"og:image:height\" content=\"1600\" \/>\n\t<meta property=\"og:image:type\" content=\"image\/jpeg\" \/>\n<meta name=\"author\" content=\"Laia Dolcet\" \/>\n<meta name=\"twitter:card\" content=\"summary_large_image\" \/>\n<meta name=\"twitter:creator\" content=\"@ILERSISfundacio\" \/>\n<meta name=\"twitter:site\" content=\"@ILERSISfundacio\" \/>\n<meta name=\"twitter:label1\" content=\"Escrito por\" \/>\n\t<meta name=\"twitter:data1\" content=\"Laia Dolcet\" \/>\n\t<meta name=\"twitter:label2\" content=\"Tiempo de lectura\" \/>\n\t<meta name=\"twitter:data2\" content=\"5 minutos\" \/>\n<script type=\"application\/ld+json\" class=\"yoast-schema-graph\">{\"@context\":\"https:\/\/schema.org\",\"@graph\":[{\"@type\":\"Article\",\"@id\":\"https:\/\/ilersis.org\/es\/ilersis-es\/carlos-burgues-reparar-el-plastico-puede-suponer-hasta-un-70-de-ahorro-respecto-a-la-fabricacion-de-una-pieza-nueva\/#article\",\"isPartOf\":{\"@id\":\"https:\/\/ilersis.org\/es\/ilersis-es\/carlos-burgues-reparar-el-plastico-puede-suponer-hasta-un-70-de-ahorro-respecto-a-la-fabricacion-de-una-pieza-nueva\/\"},\"author\":{\"name\":\"Laia Dolcet\",\"@id\":\"https:\/\/ilersis.org\/es\/#\/schema\/person\/83dad7a1744c08cc601e6c38ae993734\"},\"headline\":\"Carlos Burgu\u00e9s: \u00abReparar el pl\u00e1stico puede suponer hasta un 70% de ahorro respecto a la fabricaci\u00f3n de una pieza nueva\u00bb\",\"datePublished\":\"2025-09-10T11:29:37+00:00\",\"dateModified\":\"2025-09-15T14:10:17+00:00\",\"mainEntityOfPage\":{\"@id\":\"https:\/\/ilersis.org\/es\/ilersis-es\/carlos-burgues-reparar-el-plastico-puede-suponer-hasta-un-70-de-ahorro-respecto-a-la-fabricacion-de-una-pieza-nueva\/\"},\"wordCount\":977,\"publisher\":{\"@id\":\"https:\/\/ilersis.org\/es\/#organization\"},\"image\":{\"@id\":\"https:\/\/ilersis.org\/es\/ilersis-es\/carlos-burgues-reparar-el-plastico-puede-suponer-hasta-un-70-de-ahorro-respecto-a-la-fabricacion-de-una-pieza-nueva\/#primaryimage\"},\"thumbnailUrl\":\"https:\/\/ilersis.org\/wp-content\/uploads\/2025\/09\/Burgues-4-e1757931201740.jpg\",\"keywords\":[\"CET\",\"reparaci\u00f3n de pl\u00e1stico\"],\"articleSection\":[\"Entrevistas\",\"Ilersis\",\"Inserci\u00f3n laboral\"],\"inLanguage\":\"es\"},{\"@type\":\"WebPage\",\"@id\":\"https:\/\/ilersis.org\/es\/ilersis-es\/carlos-burgues-reparar-el-plastico-puede-suponer-hasta-un-70-de-ahorro-respecto-a-la-fabricacion-de-una-pieza-nueva\/\",\"url\":\"https:\/\/ilersis.org\/es\/ilersis-es\/carlos-burgues-reparar-el-plastico-puede-suponer-hasta-un-70-de-ahorro-respecto-a-la-fabricacion-de-una-pieza-nueva\/\",\"name\":\"Carlos Burgu\u00e9s: \\\"Reparar el pl\u00e1stico puede suponer hasta un 70% de ahorro respecto a la fabricaci\u00f3n de una pieza nueva\\\" - Ilersis\",\"isPartOf\":{\"@id\":\"https:\/\/ilersis.org\/es\/#website\"},\"primaryImageOfPage\":{\"@id\":\"https:\/\/ilersis.org\/es\/ilersis-es\/carlos-burgues-reparar-el-plastico-puede-suponer-hasta-un-70-de-ahorro-respecto-a-la-fabricacion-de-una-pieza-nueva\/#primaryimage\"},\"image\":{\"@id\":\"https:\/\/ilersis.org\/es\/ilersis-es\/carlos-burgues-reparar-el-plastico-puede-suponer-hasta-un-70-de-ahorro-respecto-a-la-fabricacion-de-una-pieza-nueva\/#primaryimage\"},\"thumbnailUrl\":\"https:\/\/ilersis.org\/wp-content\/uploads\/2025\/09\/Burgues-4-e1757931201740.jpg\",\"datePublished\":\"2025-09-10T11:29:37+00:00\",\"dateModified\":\"2025-09-15T14:10:17+00:00\",\"description\":\"Entrevista a Carlos Burgu\u00e9s, servicio de reciclaje de pl\u00e1stico de Ilersis.\",\"breadcrumb\":{\"@id\":\"https:\/\/ilersis.org\/es\/ilersis-es\/carlos-burgues-reparar-el-plastico-puede-suponer-hasta-un-70-de-ahorro-respecto-a-la-fabricacion-de-una-pieza-nueva\/#breadcrumb\"},\"inLanguage\":\"es\",\"potentialAction\":[{\"@type\":\"ReadAction\",\"target\":[\"https:\/\/ilersis.org\/es\/ilersis-es\/carlos-burgues-reparar-el-plastico-puede-suponer-hasta-un-70-de-ahorro-respecto-a-la-fabricacion-de-una-pieza-nueva\/\"]}]},{\"@type\":\"ImageObject\",\"inLanguage\":\"es\",\"@id\":\"https:\/\/ilersis.org\/es\/ilersis-es\/carlos-burgues-reparar-el-plastico-puede-suponer-hasta-un-70-de-ahorro-respecto-a-la-fabricacion-de-una-pieza-nueva\/#primaryimage\",\"url\":\"https:\/\/ilersis.org\/wp-content\/uploads\/2025\/09\/Burgues-4-e1757931201740.jpg\",\"contentUrl\":\"https:\/\/ilersis.org\/wp-content\/uploads\/2025\/09\/Burgues-4-e1757931201740.jpg\",\"width\":900,\"height\":1600},{\"@type\":\"BreadcrumbList\",\"@id\":\"https:\/\/ilersis.org\/es\/ilersis-es\/carlos-burgues-reparar-el-plastico-puede-suponer-hasta-un-70-de-ahorro-respecto-a-la-fabricacion-de-una-pieza-nueva\/#breadcrumb\",\"itemListElement\":[{\"@type\":\"ListItem\",\"position\":1,\"name\":\"Hogar\",\"item\":\"https:\/\/ilersis.org\/es\/\"},{\"@type\":\"ListItem\",\"position\":2,\"name\":\"Carlos Burgu\u00e9s: &#8220;Reparar el pl\u00e1stico puede suponer hasta un 70% de ahorro respecto a la fabricaci\u00f3n de una pieza nueva&#8221;\"}]},{\"@type\":\"WebSite\",\"@id\":\"https:\/\/ilersis.org\/es\/#website\",\"url\":\"https:\/\/ilersis.org\/es\/\",\"name\":\"Ilersis\",\"description\":\"Fundaci\u00f3n Ilersis\",\"publisher\":{\"@id\":\"https:\/\/ilersis.org\/es\/#organization\"},\"potentialAction\":[{\"@type\":\"SearchAction\",\"target\":{\"@type\":\"EntryPoint\",\"urlTemplate\":\"https:\/\/ilersis.org\/es\/?s={search_term_string}\"},\"query-input\":{\"@type\":\"PropertyValueSpecification\",\"valueRequired\":true,\"valueName\":\"search_term_string\"}}],\"inLanguage\":\"es\"},{\"@type\":\"Organization\",\"@id\":\"https:\/\/ilersis.org\/es\/#organization\",\"name\":\"Ilersis Fundaci\u00f3 Privada\",\"url\":\"https:\/\/ilersis.org\/es\/\",\"logo\":{\"@type\":\"ImageObject\",\"inLanguage\":\"es\",\"@id\":\"https:\/\/ilersis.org\/es\/#\/schema\/logo\/image\/\",\"url\":\"https:\/\/ilersis.org\/wp-content\/uploads\/2024\/10\/logo-ilersis-sin-fondo.png\",\"contentUrl\":\"https:\/\/ilersis.org\/wp-content\/uploads\/2024\/10\/logo-ilersis-sin-fondo.png\",\"width\":595,\"height\":197,\"caption\":\"Ilersis Fundaci\u00f3 Privada\"},\"image\":{\"@id\":\"https:\/\/ilersis.org\/es\/#\/schema\/logo\/image\/\"},\"sameAs\":[\"https:\/\/www.facebook.com\/fundacioIlersis\",\"https:\/\/x.com\/ILERSISfundacio\",\"https:\/\/www.linkedin.com\/company\/fundacioilersis\/\"]},{\"@type\":\"Person\",\"@id\":\"https:\/\/ilersis.org\/es\/#\/schema\/person\/83dad7a1744c08cc601e6c38ae993734\",\"name\":\"Laia Dolcet\",\"image\":{\"@type\":\"ImageObject\",\"inLanguage\":\"es\",\"@id\":\"https:\/\/ilersis.org\/es\/#\/schema\/person\/image\/\",\"url\":\"https:\/\/secure.gravatar.com\/avatar\/3070e77d44334ce5fade6c8b743117f22c1cecd86c741090b83e8fae856f764b?s=96&d=mm&r=g\",\"contentUrl\":\"https:\/\/secure.gravatar.com\/avatar\/3070e77d44334ce5fade6c8b743117f22c1cecd86c741090b83e8fae856f764b?s=96&d=mm&r=g\",\"caption\":\"Laia Dolcet\"},\"url\":\"https:\/\/ilersis.org\/es\/author\/laiadeparaula-com\/\"}]}<\/script>\n<!-- \/ Yoast SEO plugin. -->","yoast_head_json":{"title":"Carlos Burgu\u00e9s: \"Reparar el pl\u00e1stico puede suponer hasta un 70% de ahorro respecto a la fabricaci\u00f3n de una pieza nueva\" - Ilersis","description":"Entrevista a Carlos Burgu\u00e9s, servicio de reciclaje de pl\u00e1stico de Ilersis.","robots":{"index":"index","follow":"follow","max-snippet":"max-snippet:-1","max-image-preview":"max-image-preview:large","max-video-preview":"max-video-preview:-1"},"canonical":"https:\/\/ilersis.org\/es\/ilersis-es\/carlos-burgues-reparar-el-plastico-puede-suponer-hasta-un-70-de-ahorro-respecto-a-la-fabricacion-de-una-pieza-nueva\/","og_locale":"es_ES","og_type":"article","og_title":"Carlos Burgu\u00e9s: \"Reparar el pl\u00e1stico puede suponer hasta un 70% de ahorro respecto a la fabricaci\u00f3n de una pieza nueva\" - Ilersis","og_description":"Entrevista a Carlos Burgu\u00e9s, servicio de reciclaje de pl\u00e1stico de Ilersis.","og_url":"https:\/\/ilersis.org\/es\/ilersis-es\/carlos-burgues-reparar-el-plastico-puede-suponer-hasta-un-70-de-ahorro-respecto-a-la-fabricacion-de-una-pieza-nueva\/","og_site_name":"Ilersis","article_publisher":"https:\/\/www.facebook.com\/fundacioIlersis","article_published_time":"2025-09-10T11:29:37+00:00","article_modified_time":"2025-09-15T14:10:17+00:00","og_image":[{"width":900,"height":1600,"url":"https:\/\/ilersis.org\/wp-content\/uploads\/2025\/09\/Burgues-4-e1757931201740.jpg","type":"image\/jpeg"}],"author":"Laia Dolcet","twitter_card":"summary_large_image","twitter_creator":"@ILERSISfundacio","twitter_site":"@ILERSISfundacio","twitter_misc":{"Escrito por":"Laia Dolcet","Tiempo de lectura":"5 minutos"},"schema":{"@context":"https:\/\/schema.org","@graph":[{"@type":"Article","@id":"https:\/\/ilersis.org\/es\/ilersis-es\/carlos-burgues-reparar-el-plastico-puede-suponer-hasta-un-70-de-ahorro-respecto-a-la-fabricacion-de-una-pieza-nueva\/#article","isPartOf":{"@id":"https:\/\/ilersis.org\/es\/ilersis-es\/carlos-burgues-reparar-el-plastico-puede-suponer-hasta-un-70-de-ahorro-respecto-a-la-fabricacion-de-una-pieza-nueva\/"},"author":{"name":"Laia Dolcet","@id":"https:\/\/ilersis.org\/es\/#\/schema\/person\/83dad7a1744c08cc601e6c38ae993734"},"headline":"Carlos Burgu\u00e9s: \u00abReparar el pl\u00e1stico puede suponer hasta un 70% de ahorro respecto a la fabricaci\u00f3n de una pieza nueva\u00bb","datePublished":"2025-09-10T11:29:37+00:00","dateModified":"2025-09-15T14:10:17+00:00","mainEntityOfPage":{"@id":"https:\/\/ilersis.org\/es\/ilersis-es\/carlos-burgues-reparar-el-plastico-puede-suponer-hasta-un-70-de-ahorro-respecto-a-la-fabricacion-de-una-pieza-nueva\/"},"wordCount":977,"publisher":{"@id":"https:\/\/ilersis.org\/es\/#organization"},"image":{"@id":"https:\/\/ilersis.org\/es\/ilersis-es\/carlos-burgues-reparar-el-plastico-puede-suponer-hasta-un-70-de-ahorro-respecto-a-la-fabricacion-de-una-pieza-nueva\/#primaryimage"},"thumbnailUrl":"https:\/\/ilersis.org\/wp-content\/uploads\/2025\/09\/Burgues-4-e1757931201740.jpg","keywords":["CET","reparaci\u00f3n de pl\u00e1stico"],"articleSection":["Entrevistas","Ilersis","Inserci\u00f3n laboral"],"inLanguage":"es"},{"@type":"WebPage","@id":"https:\/\/ilersis.org\/es\/ilersis-es\/carlos-burgues-reparar-el-plastico-puede-suponer-hasta-un-70-de-ahorro-respecto-a-la-fabricacion-de-una-pieza-nueva\/","url":"https:\/\/ilersis.org\/es\/ilersis-es\/carlos-burgues-reparar-el-plastico-puede-suponer-hasta-un-70-de-ahorro-respecto-a-la-fabricacion-de-una-pieza-nueva\/","name":"Carlos Burgu\u00e9s: \"Reparar el pl\u00e1stico puede suponer hasta un 70% de ahorro respecto a la fabricaci\u00f3n de una pieza nueva\" - Ilersis","isPartOf":{"@id":"https:\/\/ilersis.org\/es\/#website"},"primaryImageOfPage":{"@id":"https:\/\/ilersis.org\/es\/ilersis-es\/carlos-burgues-reparar-el-plastico-puede-suponer-hasta-un-70-de-ahorro-respecto-a-la-fabricacion-de-una-pieza-nueva\/#primaryimage"},"image":{"@id":"https:\/\/ilersis.org\/es\/ilersis-es\/carlos-burgues-reparar-el-plastico-puede-suponer-hasta-un-70-de-ahorro-respecto-a-la-fabricacion-de-una-pieza-nueva\/#primaryimage"},"thumbnailUrl":"https:\/\/ilersis.org\/wp-content\/uploads\/2025\/09\/Burgues-4-e1757931201740.jpg","datePublished":"2025-09-10T11:29:37+00:00","dateModified":"2025-09-15T14:10:17+00:00","description":"Entrevista a Carlos Burgu\u00e9s, servicio de reciclaje de pl\u00e1stico de Ilersis.","breadcrumb":{"@id":"https:\/\/ilersis.org\/es\/ilersis-es\/carlos-burgues-reparar-el-plastico-puede-suponer-hasta-un-70-de-ahorro-respecto-a-la-fabricacion-de-una-pieza-nueva\/#breadcrumb"},"inLanguage":"es","potentialAction":[{"@type":"ReadAction","target":["https:\/\/ilersis.org\/es\/ilersis-es\/carlos-burgues-reparar-el-plastico-puede-suponer-hasta-un-70-de-ahorro-respecto-a-la-fabricacion-de-una-pieza-nueva\/"]}]},{"@type":"ImageObject","inLanguage":"es","@id":"https:\/\/ilersis.org\/es\/ilersis-es\/carlos-burgues-reparar-el-plastico-puede-suponer-hasta-un-70-de-ahorro-respecto-a-la-fabricacion-de-una-pieza-nueva\/#primaryimage","url":"https:\/\/ilersis.org\/wp-content\/uploads\/2025\/09\/Burgues-4-e1757931201740.jpg","contentUrl":"https:\/\/ilersis.org\/wp-content\/uploads\/2025\/09\/Burgues-4-e1757931201740.jpg","width":900,"height":1600},{"@type":"BreadcrumbList","@id":"https:\/\/ilersis.org\/es\/ilersis-es\/carlos-burgues-reparar-el-plastico-puede-suponer-hasta-un-70-de-ahorro-respecto-a-la-fabricacion-de-una-pieza-nueva\/#breadcrumb","itemListElement":[{"@type":"ListItem","position":1,"name":"Hogar","item":"https:\/\/ilersis.org\/es\/"},{"@type":"ListItem","position":2,"name":"Carlos Burgu\u00e9s: &#8220;Reparar el pl\u00e1stico puede suponer hasta un 70% de ahorro respecto a la fabricaci\u00f3n de una pieza nueva&#8221;"}]},{"@type":"WebSite","@id":"https:\/\/ilersis.org\/es\/#website","url":"https:\/\/ilersis.org\/es\/","name":"Ilersis","description":"Fundaci\u00f3n Ilersis","publisher":{"@id":"https:\/\/ilersis.org\/es\/#organization"},"potentialAction":[{"@type":"SearchAction","target":{"@type":"EntryPoint","urlTemplate":"https:\/\/ilersis.org\/es\/?s={search_term_string}"},"query-input":{"@type":"PropertyValueSpecification","valueRequired":true,"valueName":"search_term_string"}}],"inLanguage":"es"},{"@type":"Organization","@id":"https:\/\/ilersis.org\/es\/#organization","name":"Ilersis Fundaci\u00f3 Privada","url":"https:\/\/ilersis.org\/es\/","logo":{"@type":"ImageObject","inLanguage":"es","@id":"https:\/\/ilersis.org\/es\/#\/schema\/logo\/image\/","url":"https:\/\/ilersis.org\/wp-content\/uploads\/2024\/10\/logo-ilersis-sin-fondo.png","contentUrl":"https:\/\/ilersis.org\/wp-content\/uploads\/2024\/10\/logo-ilersis-sin-fondo.png","width":595,"height":197,"caption":"Ilersis Fundaci\u00f3 Privada"},"image":{"@id":"https:\/\/ilersis.org\/es\/#\/schema\/logo\/image\/"},"sameAs":["https:\/\/www.facebook.com\/fundacioIlersis","https:\/\/x.com\/ILERSISfundacio","https:\/\/www.linkedin.com\/company\/fundacioilersis\/"]},{"@type":"Person","@id":"https:\/\/ilersis.org\/es\/#\/schema\/person\/83dad7a1744c08cc601e6c38ae993734","name":"Laia Dolcet","image":{"@type":"ImageObject","inLanguage":"es","@id":"https:\/\/ilersis.org\/es\/#\/schema\/person\/image\/","url":"https:\/\/secure.gravatar.com\/avatar\/3070e77d44334ce5fade6c8b743117f22c1cecd86c741090b83e8fae856f764b?s=96&d=mm&r=g","contentUrl":"https:\/\/secure.gravatar.com\/avatar\/3070e77d44334ce5fade6c8b743117f22c1cecd86c741090b83e8fae856f764b?s=96&d=mm&r=g","caption":"Laia Dolcet"},"url":"https:\/\/ilersis.org\/es\/author\/laiadeparaula-com\/"}]}},"_links":{"self":[{"href":"https:\/\/ilersis.org\/es\/wp-json\/wp\/v2\/posts\/21522","targetHints":{"allow":["GET"]}}],"collection":[{"href":"https:\/\/ilersis.org\/es\/wp-json\/wp\/v2\/posts"}],"about":[{"href":"https:\/\/ilersis.org\/es\/wp-json\/wp\/v2\/types\/post"}],"author":[{"embeddable":true,"href":"https:\/\/ilersis.org\/es\/wp-json\/wp\/v2\/users\/3"}],"replies":[{"embeddable":true,"href":"https:\/\/ilersis.org\/es\/wp-json\/wp\/v2\/comments?post=21522"}],"version-history":[{"count":2,"href":"https:\/\/ilersis.org\/es\/wp-json\/wp\/v2\/posts\/21522\/revisions"}],"predecessor-version":[{"id":21529,"href":"https:\/\/ilersis.org\/es\/wp-json\/wp\/v2\/posts\/21522\/revisions\/21529"}],"wp:featuredmedia":[{"embeddable":true,"href":"https:\/\/ilersis.org\/es\/wp-json\/wp\/v2\/media\/21525"}],"wp:attachment":[{"href":"https:\/\/ilersis.org\/es\/wp-json\/wp\/v2\/media?parent=21522"}],"wp:term":[{"taxonomy":"category","embeddable":true,"href":"https:\/\/ilersis.org\/es\/wp-json\/wp\/v2\/categories?post=21522"},{"taxonomy":"post_tag","embeddable":true,"href":"https:\/\/ilersis.org\/es\/wp-json\/wp\/v2\/tags?post=21522"}],"curies":[{"name":"wp","href":"https:\/\/api.w.org\/{rel}","templated":true}]}}