{"id":21505,"date":"2025-09-01T11:47:08","date_gmt":"2025-09-01T09:47:08","guid":{"rendered":"https:\/\/ilersis.org\/sin-categoria\/la-fundacion-ilersis-y-el-cire-impulsan-las-competencias-laborales-de-los-jovenes-a-traves-de-la-gamificacion\/"},"modified":"2025-09-10T11:53:57","modified_gmt":"2025-09-10T09:53:57","slug":"la-fundacion-ilersis-y-el-cire-impulsan-las-competencias-laborales-de-los-jovenes-a-traves-de-la-gamificacion","status":"publish","type":"post","link":"https:\/\/ilersis.org\/es\/ilersis-es\/la-fundacion-ilersis-y-el-cire-impulsan-las-competencias-laborales-de-los-jovenes-a-traves-de-la-gamificacion\/","title":{"rendered":"La Fundaci\u00f3n Ilersis y el CIRE impulsan las competencias laborales de los j\u00f3venes a trav\u00e9s de la gamificaci\u00f3n"},"content":{"rendered":"\n<p>El Centro de Iniciativas para la Reinserci\u00f3n (CIRE) y la Fundaci\u00f3n Privada Ilersis han colaborado en un <strong>proyecto formativo pionero que combina rob\u00f3tica educativa, gamificaci\u00f3n y orientaci\u00f3n laboral con el objetivo de mejorar la empleabilidad de personas j\u00f3venes con medidas judiciales de privaci\u00f3n de libertad.<\/strong> La acci\u00f3n formativa, que se ha desarrollado entre el 30 de junio y el 22 de julio de 2025, ha tenido lugar en Lleida entre la juventud del Centro educativo de justicia juvenil El Segre.<\/p>\n\n<p>Seg\u00fan Daniel Ort\u00edz, director del CIRE -la empresa p\u00fablica del Departamento de Justicia y Calidad Democr\u00e1tica que ofrece formaci\u00f3n, trabajo e inserci\u00f3n laboral a las personas con medidas judiciales- \u00abEstamos muy satisfechos con esta nueva edici\u00f3n del curso de rob\u00f3tica que hemos impartido junto con la Fundaci\u00f3n Ilersis, por su car\u00e1cter innovador y eminentemente pr\u00e1ctico\u00bb. Tambi\u00e9n ha destacado que \u00abconjuntamente podemos ser m\u00e1s eficaces en todo lo que es la inserci\u00f3n de personas y de j\u00f3venes a riesgo de exclusi\u00f3n y, por tanto, a mejorar la empleabilidad y la capacidad de reinserci\u00f3n en el mercado de trabajo\u00bb. <\/p>\n\n<p>A partir de la construcci\u00f3n y programaci\u00f3n de robots con kits LEGO Education Spike, <strong>el alumnado ha trabajado competencias transversales como el trabajo en equipo, la responsabilidad, la comunicaci\u00f3n o la adaptabilidad, adem\u00e1s de conocer herramientas para acceder al mercado laboral e identificar el tejido empresarial del territorio.<\/strong> Todo ello, dentro de un entorno din\u00e1mico y con recursos tecnol\u00f3gicos actualizados.<\/p>\n\n<p><strong>El proyecto, con 40 horas de formaci\u00f3n pr\u00e1ctica y 14 de orientaci\u00f3n laboral, tambi\u00e9n ha incluido simulaciones de procesos de selecci\u00f3n, elaboraci\u00f3n de curr\u00edculos por competencias,<\/strong> role-playing de entrevistas y acceso a bolsas de trabajo y servicios de empleo locales. El conocimiento empresarial se trabaja mediante v\u00eddeos, din\u00e1micas de grupo y materiales creados a medida, atendiendo a las restricciones de movilidad de los j\u00f3venes participantes. <\/p>\n\n<div style=\"height:30px\" aria-hidden=\"true\" class=\"wp-block-spacer\"><\/div>\n\n<h2 class=\"wp-block-heading\"><strong>Colaboraci\u00f3n de la Fundaci\u00f3n Ilersis y el CIRE<\/strong><\/h2>\n\n<p>El <strong>car\u00e1cter innovador del programa<\/strong> se concreta tanto en el trabajo competencial a trav\u00e9s de la rob\u00f3tica, como en la colaboraci\u00f3n interinstitucional entre ambas entidades que suman experiencia en el \u00e1mbito penitenciario y justicia juvenil. Adem\u00e1s, se utiliza herramientas de evaluaci\u00f3n para detectar fortalezas y \u00e1reas de mejora, y se permite trazar itinerarios personalizados para la inserci\u00f3n laboral. <\/p>\n\n<p>Este proyecto consolida un modelo de intervenci\u00f3n que transforma la formaci\u00f3n t\u00e9cnica en una oportunidad real de cambio y reinserci\u00f3n, apostando por metodolog\u00edas activas, inclusivas y adaptadas a la realidad de los j\u00f3venes.<\/p>\n\n<p>El <a href=\"https:\/\/justicia.gencat.cat\/ca\/ambits\/cire\/\" target=\"_blank\" rel=\"noreferrer noopener\">CIRE<\/a> es la empresa p\u00fablica del Departamento de Justicia y Calidad Democr\u00e1tica cuyo objetivo es dar segundas oportunidades a las personas privadas de libertad, a trav\u00e9s de la formaci\u00f3n y el trabajo.<\/p>\n\n<p>Por su parte, la Fundaci\u00f3n Ilersis, con una trayectoria de 50 a\u00f1os, es una entidad sin \u00e1nimo de lucro que desarrolla proyectos que promueven la autogesti\u00f3n y la participaci\u00f3n social y favorecen el aprendizaje y crecimiento personal y social.<\/p>\n\n<div style=\"height:100px\" aria-hidden=\"true\" class=\"wp-block-spacer\"><\/div>\n","protected":false},"excerpt":{"rendered":"<p>El Centro de Iniciativas para la Reinserci\u00f3n (CIRE) y la Fundaci\u00f3n Privada Ilersis han colaborado en un proyecto formativo pionero que combina rob\u00f3tica educativa, gamificaci\u00f3n y orientaci\u00f3n laboral con el objetivo de mejorar la empleabilidad de personas j\u00f3venes con medidas judiciales de privaci\u00f3n de libertad.  <\/p>\n","protected":false},"author":3,"featured_media":21501,"comment_status":"closed","ping_status":"open","sticky":false,"template":"","format":"standard","meta":{"footnotes":""},"categories":[99,100,101],"tags":[129,130],"class_list":["post-21505","post","type-post","status-publish","format-standard","has-post-thumbnail","hentry","category-formacion","category-ilersis-es","category-insercion-laboral","tag-cire-es","tag-formacion"],"yoast_head":"<!-- This site is optimized with the Yoast SEO plugin v27.0 - https:\/\/yoast.com\/product\/yoast-seo-wordpress\/ -->\n<title>La Fundaci\u00f3n Ilersis y el CIRE impulsan las competencias laborales de los j\u00f3venes a trav\u00e9s de la gamificaci\u00f3n - Ilersis<\/title>\n<meta name=\"robots\" content=\"index, follow, max-snippet:-1, max-image-preview:large, max-video-preview:-1\" \/>\n<link rel=\"canonical\" href=\"https:\/\/ilersis.org\/es\/ilersis-es\/la-fundacion-ilersis-y-el-cire-impulsan-las-competencias-laborales-de-los-jovenes-a-traves-de-la-gamificacion\/\" \/>\n<meta property=\"og:locale\" content=\"es_ES\" \/>\n<meta property=\"og:type\" content=\"article\" \/>\n<meta property=\"og:title\" content=\"La Fundaci\u00f3n Ilersis y el CIRE impulsan las competencias laborales de los j\u00f3venes a trav\u00e9s de la gamificaci\u00f3n - Ilersis\" \/>\n<meta property=\"og:description\" content=\"El Centro de Iniciativas para la Reinserci\u00f3n (CIRE) y la Fundaci\u00f3n Privada Ilersis han colaborado en un proyecto formativo pionero que combina rob\u00f3tica educativa, gamificaci\u00f3n y orientaci\u00f3n laboral con el objetivo de mejorar la empleabilidad de personas j\u00f3venes con medidas judiciales de privaci\u00f3n de libertad.\" \/>\n<meta property=\"og:url\" content=\"https:\/\/ilersis.org\/es\/ilersis-es\/la-fundacion-ilersis-y-el-cire-impulsan-las-competencias-laborales-de-los-jovenes-a-traves-de-la-gamificacion\/\" \/>\n<meta property=\"og:site_name\" content=\"Ilersis\" \/>\n<meta property=\"article:publisher\" content=\"https:\/\/www.facebook.com\/fundacioIlersis\" \/>\n<meta property=\"article:published_time\" content=\"2025-09-01T09:47:08+00:00\" \/>\n<meta property=\"article:modified_time\" content=\"2025-09-10T09:53:57+00:00\" \/>\n<meta property=\"og:image\" content=\"https:\/\/ilersis.org\/wp-content\/uploads\/2025\/09\/002_s6nB0sB.jpg\" \/>\n\t<meta property=\"og:image:width\" content=\"799\" \/>\n\t<meta property=\"og:image:height\" content=\"599\" \/>\n\t<meta property=\"og:image:type\" content=\"image\/jpeg\" \/>\n<meta name=\"author\" content=\"Laia Dolcet\" \/>\n<meta name=\"twitter:card\" content=\"summary_large_image\" \/>\n<meta name=\"twitter:creator\" content=\"@ILERSISfundacio\" \/>\n<meta name=\"twitter:site\" content=\"@ILERSISfundacio\" \/>\n<meta name=\"twitter:label1\" content=\"Escrito por\" \/>\n\t<meta name=\"twitter:data1\" content=\"Laia Dolcet\" \/>\n\t<meta name=\"twitter:label2\" content=\"Tiempo de lectura\" \/>\n\t<meta name=\"twitter:data2\" content=\"3 minutos\" \/>\n<script type=\"application\/ld+json\" class=\"yoast-schema-graph\">{\"@context\":\"https:\/\/schema.org\",\"@graph\":[{\"@type\":\"Article\",\"@id\":\"https:\/\/ilersis.org\/es\/ilersis-es\/la-fundacion-ilersis-y-el-cire-impulsan-las-competencias-laborales-de-los-jovenes-a-traves-de-la-gamificacion\/#article\",\"isPartOf\":{\"@id\":\"https:\/\/ilersis.org\/es\/ilersis-es\/la-fundacion-ilersis-y-el-cire-impulsan-las-competencias-laborales-de-los-jovenes-a-traves-de-la-gamificacion\/\"},\"author\":{\"name\":\"Laia Dolcet\",\"@id\":\"https:\/\/ilersis.org\/es\/#\/schema\/person\/83dad7a1744c08cc601e6c38ae993734\"},\"headline\":\"La Fundaci\u00f3n Ilersis y el CIRE impulsan las competencias laborales de los j\u00f3venes a trav\u00e9s de la gamificaci\u00f3n\",\"datePublished\":\"2025-09-01T09:47:08+00:00\",\"dateModified\":\"2025-09-10T09:53:57+00:00\",\"mainEntityOfPage\":{\"@id\":\"https:\/\/ilersis.org\/es\/ilersis-es\/la-fundacion-ilersis-y-el-cire-impulsan-las-competencias-laborales-de-los-jovenes-a-traves-de-la-gamificacion\/\"},\"wordCount\":553,\"publisher\":{\"@id\":\"https:\/\/ilersis.org\/es\/#organization\"},\"image\":{\"@id\":\"https:\/\/ilersis.org\/es\/ilersis-es\/la-fundacion-ilersis-y-el-cire-impulsan-las-competencias-laborales-de-los-jovenes-a-traves-de-la-gamificacion\/#primaryimage\"},\"thumbnailUrl\":\"https:\/\/ilersis.org\/wp-content\/uploads\/2025\/09\/002_s6nB0sB.jpg\",\"keywords\":[\"CIRE\",\"formaci\u00f3n\"],\"articleSection\":[\"Formaci\u00f3n\",\"Ilersis\",\"Inserci\u00f3n laboral\"],\"inLanguage\":\"es\"},{\"@type\":\"WebPage\",\"@id\":\"https:\/\/ilersis.org\/es\/ilersis-es\/la-fundacion-ilersis-y-el-cire-impulsan-las-competencias-laborales-de-los-jovenes-a-traves-de-la-gamificacion\/\",\"url\":\"https:\/\/ilersis.org\/es\/ilersis-es\/la-fundacion-ilersis-y-el-cire-impulsan-las-competencias-laborales-de-los-jovenes-a-traves-de-la-gamificacion\/\",\"name\":\"La Fundaci\u00f3n Ilersis y el CIRE impulsan las competencias laborales de los j\u00f3venes a trav\u00e9s de la gamificaci\u00f3n - Ilersis\",\"isPartOf\":{\"@id\":\"https:\/\/ilersis.org\/es\/#website\"},\"primaryImageOfPage\":{\"@id\":\"https:\/\/ilersis.org\/es\/ilersis-es\/la-fundacion-ilersis-y-el-cire-impulsan-las-competencias-laborales-de-los-jovenes-a-traves-de-la-gamificacion\/#primaryimage\"},\"image\":{\"@id\":\"https:\/\/ilersis.org\/es\/ilersis-es\/la-fundacion-ilersis-y-el-cire-impulsan-las-competencias-laborales-de-los-jovenes-a-traves-de-la-gamificacion\/#primaryimage\"},\"thumbnailUrl\":\"https:\/\/ilersis.org\/wp-content\/uploads\/2025\/09\/002_s6nB0sB.jpg\",\"datePublished\":\"2025-09-01T09:47:08+00:00\",\"dateModified\":\"2025-09-10T09:53:57+00:00\",\"breadcrumb\":{\"@id\":\"https:\/\/ilersis.org\/es\/ilersis-es\/la-fundacion-ilersis-y-el-cire-impulsan-las-competencias-laborales-de-los-jovenes-a-traves-de-la-gamificacion\/#breadcrumb\"},\"inLanguage\":\"es\",\"potentialAction\":[{\"@type\":\"ReadAction\",\"target\":[\"https:\/\/ilersis.org\/es\/ilersis-es\/la-fundacion-ilersis-y-el-cire-impulsan-las-competencias-laborales-de-los-jovenes-a-traves-de-la-gamificacion\/\"]}]},{\"@type\":\"ImageObject\",\"inLanguage\":\"es\",\"@id\":\"https:\/\/ilersis.org\/es\/ilersis-es\/la-fundacion-ilersis-y-el-cire-impulsan-las-competencias-laborales-de-los-jovenes-a-traves-de-la-gamificacion\/#primaryimage\",\"url\":\"https:\/\/ilersis.org\/wp-content\/uploads\/2025\/09\/002_s6nB0sB.jpg\",\"contentUrl\":\"https:\/\/ilersis.org\/wp-content\/uploads\/2025\/09\/002_s6nB0sB.jpg\",\"width\":799,\"height\":599,\"caption\":\"Classe de rob\u00f2tica formaci\u00f3 CIRE\"},{\"@type\":\"BreadcrumbList\",\"@id\":\"https:\/\/ilersis.org\/es\/ilersis-es\/la-fundacion-ilersis-y-el-cire-impulsan-las-competencias-laborales-de-los-jovenes-a-traves-de-la-gamificacion\/#breadcrumb\",\"itemListElement\":[{\"@type\":\"ListItem\",\"position\":1,\"name\":\"Hogar\",\"item\":\"https:\/\/ilersis.org\/es\/\"},{\"@type\":\"ListItem\",\"position\":2,\"name\":\"La Fundaci\u00f3n Ilersis y el CIRE impulsan las competencias laborales de los j\u00f3venes a trav\u00e9s de la gamificaci\u00f3n\"}]},{\"@type\":\"WebSite\",\"@id\":\"https:\/\/ilersis.org\/es\/#website\",\"url\":\"https:\/\/ilersis.org\/es\/\",\"name\":\"Ilersis\",\"description\":\"Fundaci\u00f3n Ilersis\",\"publisher\":{\"@id\":\"https:\/\/ilersis.org\/es\/#organization\"},\"potentialAction\":[{\"@type\":\"SearchAction\",\"target\":{\"@type\":\"EntryPoint\",\"urlTemplate\":\"https:\/\/ilersis.org\/es\/?s={search_term_string}\"},\"query-input\":{\"@type\":\"PropertyValueSpecification\",\"valueRequired\":true,\"valueName\":\"search_term_string\"}}],\"inLanguage\":\"es\"},{\"@type\":\"Organization\",\"@id\":\"https:\/\/ilersis.org\/es\/#organization\",\"name\":\"Ilersis Fundaci\u00f3 Privada\",\"url\":\"https:\/\/ilersis.org\/es\/\",\"logo\":{\"@type\":\"ImageObject\",\"inLanguage\":\"es\",\"@id\":\"https:\/\/ilersis.org\/es\/#\/schema\/logo\/image\/\",\"url\":\"https:\/\/ilersis.org\/wp-content\/uploads\/2024\/10\/logo-ilersis-sin-fondo.png\",\"contentUrl\":\"https:\/\/ilersis.org\/wp-content\/uploads\/2024\/10\/logo-ilersis-sin-fondo.png\",\"width\":595,\"height\":197,\"caption\":\"Ilersis Fundaci\u00f3 Privada\"},\"image\":{\"@id\":\"https:\/\/ilersis.org\/es\/#\/schema\/logo\/image\/\"},\"sameAs\":[\"https:\/\/www.facebook.com\/fundacioIlersis\",\"https:\/\/x.com\/ILERSISfundacio\",\"https:\/\/www.linkedin.com\/company\/fundacioilersis\/\"]},{\"@type\":\"Person\",\"@id\":\"https:\/\/ilersis.org\/es\/#\/schema\/person\/83dad7a1744c08cc601e6c38ae993734\",\"name\":\"Laia Dolcet\",\"image\":{\"@type\":\"ImageObject\",\"inLanguage\":\"es\",\"@id\":\"https:\/\/ilersis.org\/es\/#\/schema\/person\/image\/\",\"url\":\"https:\/\/secure.gravatar.com\/avatar\/3070e77d44334ce5fade6c8b743117f22c1cecd86c741090b83e8fae856f764b?s=96&d=mm&r=g\",\"contentUrl\":\"https:\/\/secure.gravatar.com\/avatar\/3070e77d44334ce5fade6c8b743117f22c1cecd86c741090b83e8fae856f764b?s=96&d=mm&r=g\",\"caption\":\"Laia Dolcet\"},\"url\":\"https:\/\/ilersis.org\/es\/author\/laiadeparaula-com\/\"}]}<\/script>\n<!-- \/ Yoast SEO plugin. -->","yoast_head_json":{"title":"La Fundaci\u00f3n Ilersis y el CIRE impulsan las competencias laborales de los j\u00f3venes a trav\u00e9s de la gamificaci\u00f3n - Ilersis","robots":{"index":"index","follow":"follow","max-snippet":"max-snippet:-1","max-image-preview":"max-image-preview:large","max-video-preview":"max-video-preview:-1"},"canonical":"https:\/\/ilersis.org\/es\/ilersis-es\/la-fundacion-ilersis-y-el-cire-impulsan-las-competencias-laborales-de-los-jovenes-a-traves-de-la-gamificacion\/","og_locale":"es_ES","og_type":"article","og_title":"La Fundaci\u00f3n Ilersis y el CIRE impulsan las competencias laborales de los j\u00f3venes a trav\u00e9s de la gamificaci\u00f3n - Ilersis","og_description":"El Centro de Iniciativas para la Reinserci\u00f3n (CIRE) y la Fundaci\u00f3n Privada Ilersis han colaborado en un proyecto formativo pionero que combina rob\u00f3tica educativa, gamificaci\u00f3n y orientaci\u00f3n laboral con el objetivo de mejorar la empleabilidad de personas j\u00f3venes con medidas judiciales de privaci\u00f3n de libertad.","og_url":"https:\/\/ilersis.org\/es\/ilersis-es\/la-fundacion-ilersis-y-el-cire-impulsan-las-competencias-laborales-de-los-jovenes-a-traves-de-la-gamificacion\/","og_site_name":"Ilersis","article_publisher":"https:\/\/www.facebook.com\/fundacioIlersis","article_published_time":"2025-09-01T09:47:08+00:00","article_modified_time":"2025-09-10T09:53:57+00:00","og_image":[{"width":799,"height":599,"url":"https:\/\/ilersis.org\/wp-content\/uploads\/2025\/09\/002_s6nB0sB.jpg","type":"image\/jpeg"}],"author":"Laia Dolcet","twitter_card":"summary_large_image","twitter_creator":"@ILERSISfundacio","twitter_site":"@ILERSISfundacio","twitter_misc":{"Escrito por":"Laia Dolcet","Tiempo de lectura":"3 minutos"},"schema":{"@context":"https:\/\/schema.org","@graph":[{"@type":"Article","@id":"https:\/\/ilersis.org\/es\/ilersis-es\/la-fundacion-ilersis-y-el-cire-impulsan-las-competencias-laborales-de-los-jovenes-a-traves-de-la-gamificacion\/#article","isPartOf":{"@id":"https:\/\/ilersis.org\/es\/ilersis-es\/la-fundacion-ilersis-y-el-cire-impulsan-las-competencias-laborales-de-los-jovenes-a-traves-de-la-gamificacion\/"},"author":{"name":"Laia Dolcet","@id":"https:\/\/ilersis.org\/es\/#\/schema\/person\/83dad7a1744c08cc601e6c38ae993734"},"headline":"La Fundaci\u00f3n Ilersis y el CIRE impulsan las competencias laborales de los j\u00f3venes a trav\u00e9s de la gamificaci\u00f3n","datePublished":"2025-09-01T09:47:08+00:00","dateModified":"2025-09-10T09:53:57+00:00","mainEntityOfPage":{"@id":"https:\/\/ilersis.org\/es\/ilersis-es\/la-fundacion-ilersis-y-el-cire-impulsan-las-competencias-laborales-de-los-jovenes-a-traves-de-la-gamificacion\/"},"wordCount":553,"publisher":{"@id":"https:\/\/ilersis.org\/es\/#organization"},"image":{"@id":"https:\/\/ilersis.org\/es\/ilersis-es\/la-fundacion-ilersis-y-el-cire-impulsan-las-competencias-laborales-de-los-jovenes-a-traves-de-la-gamificacion\/#primaryimage"},"thumbnailUrl":"https:\/\/ilersis.org\/wp-content\/uploads\/2025\/09\/002_s6nB0sB.jpg","keywords":["CIRE","formaci\u00f3n"],"articleSection":["Formaci\u00f3n","Ilersis","Inserci\u00f3n laboral"],"inLanguage":"es"},{"@type":"WebPage","@id":"https:\/\/ilersis.org\/es\/ilersis-es\/la-fundacion-ilersis-y-el-cire-impulsan-las-competencias-laborales-de-los-jovenes-a-traves-de-la-gamificacion\/","url":"https:\/\/ilersis.org\/es\/ilersis-es\/la-fundacion-ilersis-y-el-cire-impulsan-las-competencias-laborales-de-los-jovenes-a-traves-de-la-gamificacion\/","name":"La Fundaci\u00f3n Ilersis y el CIRE impulsan las competencias laborales de los j\u00f3venes a trav\u00e9s de la gamificaci\u00f3n - Ilersis","isPartOf":{"@id":"https:\/\/ilersis.org\/es\/#website"},"primaryImageOfPage":{"@id":"https:\/\/ilersis.org\/es\/ilersis-es\/la-fundacion-ilersis-y-el-cire-impulsan-las-competencias-laborales-de-los-jovenes-a-traves-de-la-gamificacion\/#primaryimage"},"image":{"@id":"https:\/\/ilersis.org\/es\/ilersis-es\/la-fundacion-ilersis-y-el-cire-impulsan-las-competencias-laborales-de-los-jovenes-a-traves-de-la-gamificacion\/#primaryimage"},"thumbnailUrl":"https:\/\/ilersis.org\/wp-content\/uploads\/2025\/09\/002_s6nB0sB.jpg","datePublished":"2025-09-01T09:47:08+00:00","dateModified":"2025-09-10T09:53:57+00:00","breadcrumb":{"@id":"https:\/\/ilersis.org\/es\/ilersis-es\/la-fundacion-ilersis-y-el-cire-impulsan-las-competencias-laborales-de-los-jovenes-a-traves-de-la-gamificacion\/#breadcrumb"},"inLanguage":"es","potentialAction":[{"@type":"ReadAction","target":["https:\/\/ilersis.org\/es\/ilersis-es\/la-fundacion-ilersis-y-el-cire-impulsan-las-competencias-laborales-de-los-jovenes-a-traves-de-la-gamificacion\/"]}]},{"@type":"ImageObject","inLanguage":"es","@id":"https:\/\/ilersis.org\/es\/ilersis-es\/la-fundacion-ilersis-y-el-cire-impulsan-las-competencias-laborales-de-los-jovenes-a-traves-de-la-gamificacion\/#primaryimage","url":"https:\/\/ilersis.org\/wp-content\/uploads\/2025\/09\/002_s6nB0sB.jpg","contentUrl":"https:\/\/ilersis.org\/wp-content\/uploads\/2025\/09\/002_s6nB0sB.jpg","width":799,"height":599,"caption":"Classe de rob\u00f2tica formaci\u00f3 CIRE"},{"@type":"BreadcrumbList","@id":"https:\/\/ilersis.org\/es\/ilersis-es\/la-fundacion-ilersis-y-el-cire-impulsan-las-competencias-laborales-de-los-jovenes-a-traves-de-la-gamificacion\/#breadcrumb","itemListElement":[{"@type":"ListItem","position":1,"name":"Hogar","item":"https:\/\/ilersis.org\/es\/"},{"@type":"ListItem","position":2,"name":"La Fundaci\u00f3n Ilersis y el CIRE impulsan las competencias laborales de los j\u00f3venes a trav\u00e9s de la gamificaci\u00f3n"}]},{"@type":"WebSite","@id":"https:\/\/ilersis.org\/es\/#website","url":"https:\/\/ilersis.org\/es\/","name":"Ilersis","description":"Fundaci\u00f3n Ilersis","publisher":{"@id":"https:\/\/ilersis.org\/es\/#organization"},"potentialAction":[{"@type":"SearchAction","target":{"@type":"EntryPoint","urlTemplate":"https:\/\/ilersis.org\/es\/?s={search_term_string}"},"query-input":{"@type":"PropertyValueSpecification","valueRequired":true,"valueName":"search_term_string"}}],"inLanguage":"es"},{"@type":"Organization","@id":"https:\/\/ilersis.org\/es\/#organization","name":"Ilersis Fundaci\u00f3 Privada","url":"https:\/\/ilersis.org\/es\/","logo":{"@type":"ImageObject","inLanguage":"es","@id":"https:\/\/ilersis.org\/es\/#\/schema\/logo\/image\/","url":"https:\/\/ilersis.org\/wp-content\/uploads\/2024\/10\/logo-ilersis-sin-fondo.png","contentUrl":"https:\/\/ilersis.org\/wp-content\/uploads\/2024\/10\/logo-ilersis-sin-fondo.png","width":595,"height":197,"caption":"Ilersis Fundaci\u00f3 Privada"},"image":{"@id":"https:\/\/ilersis.org\/es\/#\/schema\/logo\/image\/"},"sameAs":["https:\/\/www.facebook.com\/fundacioIlersis","https:\/\/x.com\/ILERSISfundacio","https:\/\/www.linkedin.com\/company\/fundacioilersis\/"]},{"@type":"Person","@id":"https:\/\/ilersis.org\/es\/#\/schema\/person\/83dad7a1744c08cc601e6c38ae993734","name":"Laia Dolcet","image":{"@type":"ImageObject","inLanguage":"es","@id":"https:\/\/ilersis.org\/es\/#\/schema\/person\/image\/","url":"https:\/\/secure.gravatar.com\/avatar\/3070e77d44334ce5fade6c8b743117f22c1cecd86c741090b83e8fae856f764b?s=96&d=mm&r=g","contentUrl":"https:\/\/secure.gravatar.com\/avatar\/3070e77d44334ce5fade6c8b743117f22c1cecd86c741090b83e8fae856f764b?s=96&d=mm&r=g","caption":"Laia Dolcet"},"url":"https:\/\/ilersis.org\/es\/author\/laiadeparaula-com\/"}]}},"_links":{"self":[{"href":"https:\/\/ilersis.org\/es\/wp-json\/wp\/v2\/posts\/21505","targetHints":{"allow":["GET"]}}],"collection":[{"href":"https:\/\/ilersis.org\/es\/wp-json\/wp\/v2\/posts"}],"about":[{"href":"https:\/\/ilersis.org\/es\/wp-json\/wp\/v2\/types\/post"}],"author":[{"embeddable":true,"href":"https:\/\/ilersis.org\/es\/wp-json\/wp\/v2\/users\/3"}],"replies":[{"embeddable":true,"href":"https:\/\/ilersis.org\/es\/wp-json\/wp\/v2\/comments?post=21505"}],"version-history":[{"count":1,"href":"https:\/\/ilersis.org\/es\/wp-json\/wp\/v2\/posts\/21505\/revisions"}],"predecessor-version":[{"id":21506,"href":"https:\/\/ilersis.org\/es\/wp-json\/wp\/v2\/posts\/21505\/revisions\/21506"}],"wp:featuredmedia":[{"embeddable":true,"href":"https:\/\/ilersis.org\/es\/wp-json\/wp\/v2\/media\/21501"}],"wp:attachment":[{"href":"https:\/\/ilersis.org\/es\/wp-json\/wp\/v2\/media?parent=21505"}],"wp:term":[{"taxonomy":"category","embeddable":true,"href":"https:\/\/ilersis.org\/es\/wp-json\/wp\/v2\/categories?post=21505"},{"taxonomy":"post_tag","embeddable":true,"href":"https:\/\/ilersis.org\/es\/wp-json\/wp\/v2\/tags?post=21505"}],"curies":[{"name":"wp","href":"https:\/\/api.w.org\/{rel}","templated":true}]}}