{"id":21476,"date":"2025-07-17T14:46:07","date_gmt":"2025-07-17T12:46:07","guid":{"rendered":"https:\/\/ilersis.org\/sin-categoria\/ilersis-publica-la-memoria-2024-y-reafirma-su-compromiso-con-el-fomento-a-la-vida-independiente\/"},"modified":"2025-07-18T10:50:12","modified_gmt":"2025-07-18T08:50:12","slug":"ilersis-publica-la-memoria-2024-y-reafirma-su-compromiso-con-el-fomento-a-la-vida-independiente","status":"publish","type":"post","link":"https:\/\/ilersis.org\/es\/memoria-es\/ilersis-publica-la-memoria-2024-y-reafirma-su-compromiso-con-el-fomento-a-la-vida-independiente\/","title":{"rendered":"Ilersis publica la Memoria 2024 y reafirma su compromiso con el fomento a la vida independiente"},"content":{"rendered":"\n<p>La Fundaci\u00f3n Privada Ilersis ha publicado su informe anual en el que recoge la actividad desarrollada a lo largo de 2024, as\u00ed como los principales resultados, proyectos y retos alcanzados. Con casi cinco d\u00e9cadas de trayectoria, la entidad ha atendido a m\u00e1s de 700 personas y ha contado con 316 personas trabajadoras.   <\/p>\n\n<div style=\"height:30px\" aria-hidden=\"true\" class=\"wp-block-spacer\"><\/div>\n\n<h2 class=\"wp-block-heading\">Un modelo de vida independiente que se extiende<\/h2>\n\n<p>Durante 2024, Ilersis ha ampliado su proyecto de vivienda <a href=\"https:\/\/www.micasauvc.org\/\" target=\"_blank\" rel=\"noreferrer noopener\">Casa Meva<\/a> , con la apertura de dos nuevas viviendas (Hogares Ronda y Prat de la Riba) y la consolidaci\u00f3n de seis hogares activos. Este modelo de vida aut\u00f3noma, alejado de la atenci\u00f3n institucionalizada, fomenta la autogesti\u00f3n, la convivencia y la participaci\u00f3n.   <\/p>\n\n<p>Paralelamente, la entidad ha desplegado el programa piloto de Asistencia Personal a personas j\u00f3venes, manteniendo iniciativas de apoyo a familias que han garantizado el n\u00famero de estancias y apoyos que contribuyen a la conciliaci\u00f3n y al bienestar emocional.<\/p>\n\n<p>El Centro Ocupacional (CO) ha atendido a 108 personas a trav\u00e9s del programa Ocupaci\u00f3, que incluye actividades de empleo terap\u00e9utico y prelaborales; y el programa EnCaixa, que agrupa actividades de ajuste personal y social.<\/p>\n\n<p>Destaca <a href=\"https:\/\/ilersis.org\/es\/la-maxima\/\" target=\"_blank\" rel=\"noreferrer noopener\">La M\u00e1xima<\/a>, el proyecto esc\u00e9nico inclusivo, que ha crecido con 25 participantes y ha tenido una fuerte presencia en eventos culturales e institucionales.<\/p>\n\n<div style=\"height:30px\" aria-hidden=\"true\" class=\"wp-block-spacer\"><\/div>\n\n<h3 class=\"wp-block-heading\">Inserci\u00f3n laboral y formaci\u00f3n: ejes clave del proyecto social<\/h3>\n\n<p>El Centro Especial de Empleo (CET) ha empleado a 129 personas con discapacidad, distribuidas entre las \u00e1reas de carpinter\u00eda, manipulados, jardiner\u00eda, limpieza, log\u00edstica, destrucci\u00f3n de documentos, comercio y restauraci\u00f3n. Asimismo, a finales de 2024, Ilersis ha iniciado un nuevo servicio de reparaci\u00f3n de contenedores, pal\u00e9s y elementos de pl\u00e1stico en Balaguer. El acompa\u00f1amiento por parte del Equipo Multidisciplinar de Apoyo ha sido fundamental para garantizar itinerarios laborales adaptados y sostenibles.  <\/p>\n\n<p>En cuanto al \u00e1rea de comercio y restauraci\u00f3n, la entidad ha abierto en 2024 nuevos servicios como Lo Quiosc y el Bo-Caf\u00e9 del Orfe\u00f3, y ha ampliado el servicio de catering con una nueva l\u00ednea vinculada al <a href=\"https:\/\/comll.ilersis.org\/ca\/\" target=\"_blank\" rel=\"noreferrer noopener\">Colegio de M\u00e9dicos de Lleida<\/a> . <\/p>\n\n<p>En 2024 se han realizado 195 servicios de catering para empresas, instituciones y particulares. BO de Shalom ha realizado un total de 333 eventos, 50 m\u00e1s que el a\u00f1o anterior. <\/p>\n\n<div style=\"height:30px\" aria-hidden=\"true\" class=\"wp-block-spacer\"><\/div>\n\n<h3 class=\"wp-block-heading\">El \u00c1rea de formaci\u00f3n ACTIVA Ilersis, en crecimiento<\/h3>\n\n<p>El \u00c1rea ACTIVA ha atendido a 492 personas a trav\u00e9s de programas de orientaci\u00f3n, formaci\u00f3n e inserci\u00f3n laboral. Destaca la realizaci\u00f3n de 128 acciones formativas, que han sumado m\u00e1s de 5.800 horas de formaci\u00f3n. Programas como la formaci\u00f3n de oferta en \u00e1reas prioritarias (FOAP), la FPO Dual, Singulars, SIOAS, Incorpora o Noves Oportunitats han permitido que muchas personas con dificultades de acceso al mundo laboral hayan iniciado un proceso de mejora competencial o inserci\u00f3n.  <\/p>\n\n<div style=\"height:30px\" aria-hidden=\"true\" class=\"wp-block-spacer\"><\/div>\n\n<h3 class=\"wp-block-heading\">Un a\u00f1o de crecimiento y cooperaci\u00f3n europea<\/h3>\n\n<p>Por otra parte, la memoria tambi\u00e9n recoge la expansi\u00f3n de Ilersis en el territorio, con la consolidaci\u00f3n de la nave industrial en el pol\u00edgono Cam\u00ed dels Frares y el inicio del proyecto de un nuevo centro de formaci\u00f3n de 700 m\u00b2 en la zona universitaria de Lleida. Este espacio permitir\u00e1 ampliar la oferta formativa y mejorar los entornos de aprendizaje. <\/p>\n\n<p>Adem\u00e1s, Ilersis ha tenido un papel activo en el \u00e1mbito de la cooperaci\u00f3n transfronteriza, participando en el <a href=\"https:\/\/www.poctefa.eu\/blog\/evento\/lanzamiento-del-proyecto-cimer\/\" target=\"_blank\" rel=\"noreferrer noopener\">proyecto CIMER<\/a>. Esta iniciativa conjunta ha permitido compartir buenas pr\u00e1cticas en el \u00e1mbito de la inclusi\u00f3n y el empleo, reforzando la mirada comunitaria y el intercambio de conocimiento entre territorios. <\/p>\n\n<div style=\"height:30px\" aria-hidden=\"true\" class=\"wp-block-spacer\"><\/div>\n\n<h3 class=\"wp-block-heading\">Un proyecto con trayectoria y mirada de futuro<\/h3>\n\n<p>Ilersis cierra el a\u00f1o 2024 afianz\u00e1ndose como un actor clave dentro del tercer sector social catal\u00e1n. Su apuesta por la innovaci\u00f3n, el impacto local y el fortalecimiento del tejido comunitario se pone de manifiesto en cada acci\u00f3n, servicio y proyecto impulsado. <\/p>\n\n<p>Puede descargarse la memoria de actividades 2024 de la Fundaci\u00f3n Privada Ilersis <a href=\"https:\/\/ilersis.org\/docs\/Memoria-ILERSIS-2024.pdf\" target=\"_blank\" rel=\"noreferrer noopener\">aqu\u00ed<\/a> . <\/p>\n\n<div style=\"height:50px\" aria-hidden=\"true\" class=\"wp-block-spacer\"><\/div>\n\n<p><\/p>\n","protected":false},"excerpt":{"rendered":"<p>La Fundaci\u00f3n Privada Ilersis ha publicado su informe anual en el que recoge la actividad desarrollada a lo largo de 2024, as\u00ed como los principales resultados, proyectos y retos alcanzados.  <\/p>\n","protected":false},"author":3,"featured_media":21450,"comment_status":"closed","ping_status":"open","sticky":false,"template":"","format":"standard","meta":{"footnotes":""},"categories":[100,103],"tags":[125,126],"class_list":["post-21476","post","type-post","status-publish","format-standard","has-post-thumbnail","hentry","category-ilersis-es","category-memoria-es","tag-memoria-es","tag-memoria-2024-es"],"yoast_head":"<!-- This site is optimized with the Yoast SEO plugin v27.0 - https:\/\/yoast.com\/product\/yoast-seo-wordpress\/ -->\n<title>Ilersis publica la Memoria 2024 y reafirma su compromiso con el fomento a la vida independiente - Ilersis<\/title>\n<meta name=\"description\" content=\"Ilersis publica la Memoria 2024 con la actividad desarrollada a lo largo del a\u00f1o y los principales resultados, proyectos y retos logrados.\" \/>\n<meta name=\"robots\" content=\"index, follow, max-snippet:-1, max-image-preview:large, max-video-preview:-1\" \/>\n<link rel=\"canonical\" href=\"https:\/\/ilersis.org\/es\/memoria-es\/ilersis-publica-la-memoria-2024-y-reafirma-su-compromiso-con-el-fomento-a-la-vida-independiente\/\" \/>\n<meta property=\"og:locale\" content=\"es_ES\" \/>\n<meta property=\"og:type\" content=\"article\" \/>\n<meta property=\"og:title\" content=\"Ilersis publica la Memoria 2024 y reafirma su compromiso con el fomento a la vida independiente - Ilersis\" \/>\n<meta property=\"og:description\" content=\"Ilersis publica la Memoria 2024 con la actividad desarrollada a lo largo del a\u00f1o y los principales resultados, proyectos y retos logrados.\" \/>\n<meta property=\"og:url\" content=\"https:\/\/ilersis.org\/es\/memoria-es\/ilersis-publica-la-memoria-2024-y-reafirma-su-compromiso-con-el-fomento-a-la-vida-independiente\/\" \/>\n<meta property=\"og:site_name\" content=\"Ilersis\" \/>\n<meta property=\"article:publisher\" content=\"https:\/\/www.facebook.com\/fundacioIlersis\" \/>\n<meta property=\"article:published_time\" content=\"2025-07-17T12:46:07+00:00\" \/>\n<meta property=\"article:modified_time\" content=\"2025-07-18T08:50:12+00:00\" \/>\n<meta property=\"og:image\" content=\"https:\/\/ilersis.org\/wp-content\/uploads\/2025\/07\/Actualitat_memoria-2024.jpg\" \/>\n\t<meta property=\"og:image:width\" content=\"800\" \/>\n\t<meta property=\"og:image:height\" content=\"600\" \/>\n\t<meta property=\"og:image:type\" content=\"image\/jpeg\" \/>\n<meta name=\"author\" content=\"Laia Dolcet\" \/>\n<meta name=\"twitter:card\" content=\"summary_large_image\" \/>\n<meta name=\"twitter:creator\" content=\"@ILERSISfundacio\" \/>\n<meta name=\"twitter:site\" content=\"@ILERSISfundacio\" \/>\n<meta name=\"twitter:label1\" content=\"Escrito por\" \/>\n\t<meta name=\"twitter:data1\" content=\"Laia Dolcet\" \/>\n\t<meta name=\"twitter:label2\" content=\"Tiempo de lectura\" \/>\n\t<meta name=\"twitter:data2\" content=\"3 minutos\" \/>\n<script type=\"application\/ld+json\" class=\"yoast-schema-graph\">{\"@context\":\"https:\/\/schema.org\",\"@graph\":[{\"@type\":\"Article\",\"@id\":\"https:\/\/ilersis.org\/es\/memoria-es\/ilersis-publica-la-memoria-2024-y-reafirma-su-compromiso-con-el-fomento-a-la-vida-independiente\/#article\",\"isPartOf\":{\"@id\":\"https:\/\/ilersis.org\/es\/memoria-es\/ilersis-publica-la-memoria-2024-y-reafirma-su-compromiso-con-el-fomento-a-la-vida-independiente\/\"},\"author\":{\"name\":\"Laia Dolcet\",\"@id\":\"https:\/\/ilersis.org\/es\/#\/schema\/person\/83dad7a1744c08cc601e6c38ae993734\"},\"headline\":\"Ilersis publica la Memoria 2024 y reafirma su compromiso con el fomento a la vida independiente\",\"datePublished\":\"2025-07-17T12:46:07+00:00\",\"dateModified\":\"2025-07-18T08:50:12+00:00\",\"mainEntityOfPage\":{\"@id\":\"https:\/\/ilersis.org\/es\/memoria-es\/ilersis-publica-la-memoria-2024-y-reafirma-su-compromiso-con-el-fomento-a-la-vida-independiente\/\"},\"wordCount\":669,\"publisher\":{\"@id\":\"https:\/\/ilersis.org\/es\/#organization\"},\"image\":{\"@id\":\"https:\/\/ilersis.org\/es\/memoria-es\/ilersis-publica-la-memoria-2024-y-reafirma-su-compromiso-con-el-fomento-a-la-vida-independiente\/#primaryimage\"},\"thumbnailUrl\":\"https:\/\/ilersis.org\/wp-content\/uploads\/2025\/07\/Actualitat_memoria-2024.jpg\",\"keywords\":[\"memoria\",\"memoria 2024\"],\"articleSection\":[\"Ilersis\",\"Memoria\"],\"inLanguage\":\"es\"},{\"@type\":\"WebPage\",\"@id\":\"https:\/\/ilersis.org\/es\/memoria-es\/ilersis-publica-la-memoria-2024-y-reafirma-su-compromiso-con-el-fomento-a-la-vida-independiente\/\",\"url\":\"https:\/\/ilersis.org\/es\/memoria-es\/ilersis-publica-la-memoria-2024-y-reafirma-su-compromiso-con-el-fomento-a-la-vida-independiente\/\",\"name\":\"Ilersis publica la Memoria 2024 y reafirma su compromiso con el fomento a la vida independiente - Ilersis\",\"isPartOf\":{\"@id\":\"https:\/\/ilersis.org\/es\/#website\"},\"primaryImageOfPage\":{\"@id\":\"https:\/\/ilersis.org\/es\/memoria-es\/ilersis-publica-la-memoria-2024-y-reafirma-su-compromiso-con-el-fomento-a-la-vida-independiente\/#primaryimage\"},\"image\":{\"@id\":\"https:\/\/ilersis.org\/es\/memoria-es\/ilersis-publica-la-memoria-2024-y-reafirma-su-compromiso-con-el-fomento-a-la-vida-independiente\/#primaryimage\"},\"thumbnailUrl\":\"https:\/\/ilersis.org\/wp-content\/uploads\/2025\/07\/Actualitat_memoria-2024.jpg\",\"datePublished\":\"2025-07-17T12:46:07+00:00\",\"dateModified\":\"2025-07-18T08:50:12+00:00\",\"description\":\"Ilersis publica la Memoria 2024 con la actividad desarrollada a lo largo del a\u00f1o y los principales resultados, proyectos y retos logrados.\",\"breadcrumb\":{\"@id\":\"https:\/\/ilersis.org\/es\/memoria-es\/ilersis-publica-la-memoria-2024-y-reafirma-su-compromiso-con-el-fomento-a-la-vida-independiente\/#breadcrumb\"},\"inLanguage\":\"es\",\"potentialAction\":[{\"@type\":\"ReadAction\",\"target\":[\"https:\/\/ilersis.org\/es\/memoria-es\/ilersis-publica-la-memoria-2024-y-reafirma-su-compromiso-con-el-fomento-a-la-vida-independiente\/\"]}]},{\"@type\":\"ImageObject\",\"inLanguage\":\"es\",\"@id\":\"https:\/\/ilersis.org\/es\/memoria-es\/ilersis-publica-la-memoria-2024-y-reafirma-su-compromiso-con-el-fomento-a-la-vida-independiente\/#primaryimage\",\"url\":\"https:\/\/ilersis.org\/wp-content\/uploads\/2025\/07\/Actualitat_memoria-2024.jpg\",\"contentUrl\":\"https:\/\/ilersis.org\/wp-content\/uploads\/2025\/07\/Actualitat_memoria-2024.jpg\",\"width\":800,\"height\":600,\"caption\":\"Actualitat_memoria 2024\"},{\"@type\":\"BreadcrumbList\",\"@id\":\"https:\/\/ilersis.org\/es\/memoria-es\/ilersis-publica-la-memoria-2024-y-reafirma-su-compromiso-con-el-fomento-a-la-vida-independiente\/#breadcrumb\",\"itemListElement\":[{\"@type\":\"ListItem\",\"position\":1,\"name\":\"Hogar\",\"item\":\"https:\/\/ilersis.org\/es\/\"},{\"@type\":\"ListItem\",\"position\":2,\"name\":\"Ilersis publica la Memoria 2024 y reafirma su compromiso con el fomento a la vida independiente\"}]},{\"@type\":\"WebSite\",\"@id\":\"https:\/\/ilersis.org\/es\/#website\",\"url\":\"https:\/\/ilersis.org\/es\/\",\"name\":\"Ilersis\",\"description\":\"Fundaci\u00f3n Ilersis\",\"publisher\":{\"@id\":\"https:\/\/ilersis.org\/es\/#organization\"},\"potentialAction\":[{\"@type\":\"SearchAction\",\"target\":{\"@type\":\"EntryPoint\",\"urlTemplate\":\"https:\/\/ilersis.org\/es\/?s={search_term_string}\"},\"query-input\":{\"@type\":\"PropertyValueSpecification\",\"valueRequired\":true,\"valueName\":\"search_term_string\"}}],\"inLanguage\":\"es\"},{\"@type\":\"Organization\",\"@id\":\"https:\/\/ilersis.org\/es\/#organization\",\"name\":\"Ilersis Fundaci\u00f3 Privada\",\"url\":\"https:\/\/ilersis.org\/es\/\",\"logo\":{\"@type\":\"ImageObject\",\"inLanguage\":\"es\",\"@id\":\"https:\/\/ilersis.org\/es\/#\/schema\/logo\/image\/\",\"url\":\"https:\/\/ilersis.org\/wp-content\/uploads\/2024\/10\/logo-ilersis-sin-fondo.png\",\"contentUrl\":\"https:\/\/ilersis.org\/wp-content\/uploads\/2024\/10\/logo-ilersis-sin-fondo.png\",\"width\":595,\"height\":197,\"caption\":\"Ilersis Fundaci\u00f3 Privada\"},\"image\":{\"@id\":\"https:\/\/ilersis.org\/es\/#\/schema\/logo\/image\/\"},\"sameAs\":[\"https:\/\/www.facebook.com\/fundacioIlersis\",\"https:\/\/x.com\/ILERSISfundacio\",\"https:\/\/www.linkedin.com\/company\/fundacioilersis\/\"]},{\"@type\":\"Person\",\"@id\":\"https:\/\/ilersis.org\/es\/#\/schema\/person\/83dad7a1744c08cc601e6c38ae993734\",\"name\":\"Laia Dolcet\",\"image\":{\"@type\":\"ImageObject\",\"inLanguage\":\"es\",\"@id\":\"https:\/\/ilersis.org\/es\/#\/schema\/person\/image\/\",\"url\":\"https:\/\/secure.gravatar.com\/avatar\/3070e77d44334ce5fade6c8b743117f22c1cecd86c741090b83e8fae856f764b?s=96&d=mm&r=g\",\"contentUrl\":\"https:\/\/secure.gravatar.com\/avatar\/3070e77d44334ce5fade6c8b743117f22c1cecd86c741090b83e8fae856f764b?s=96&d=mm&r=g\",\"caption\":\"Laia Dolcet\"},\"url\":\"https:\/\/ilersis.org\/es\/author\/laiadeparaula-com\/\"}]}<\/script>\n<!-- \/ Yoast SEO plugin. -->","yoast_head_json":{"title":"Ilersis publica la Memoria 2024 y reafirma su compromiso con el fomento a la vida independiente - Ilersis","description":"Ilersis publica la Memoria 2024 con la actividad desarrollada a lo largo del a\u00f1o y los principales resultados, proyectos y retos logrados.","robots":{"index":"index","follow":"follow","max-snippet":"max-snippet:-1","max-image-preview":"max-image-preview:large","max-video-preview":"max-video-preview:-1"},"canonical":"https:\/\/ilersis.org\/es\/memoria-es\/ilersis-publica-la-memoria-2024-y-reafirma-su-compromiso-con-el-fomento-a-la-vida-independiente\/","og_locale":"es_ES","og_type":"article","og_title":"Ilersis publica la Memoria 2024 y reafirma su compromiso con el fomento a la vida independiente - Ilersis","og_description":"Ilersis publica la Memoria 2024 con la actividad desarrollada a lo largo del a\u00f1o y los principales resultados, proyectos y retos logrados.","og_url":"https:\/\/ilersis.org\/es\/memoria-es\/ilersis-publica-la-memoria-2024-y-reafirma-su-compromiso-con-el-fomento-a-la-vida-independiente\/","og_site_name":"Ilersis","article_publisher":"https:\/\/www.facebook.com\/fundacioIlersis","article_published_time":"2025-07-17T12:46:07+00:00","article_modified_time":"2025-07-18T08:50:12+00:00","og_image":[{"width":800,"height":600,"url":"https:\/\/ilersis.org\/wp-content\/uploads\/2025\/07\/Actualitat_memoria-2024.jpg","type":"image\/jpeg"}],"author":"Laia Dolcet","twitter_card":"summary_large_image","twitter_creator":"@ILERSISfundacio","twitter_site":"@ILERSISfundacio","twitter_misc":{"Escrito por":"Laia Dolcet","Tiempo de lectura":"3 minutos"},"schema":{"@context":"https:\/\/schema.org","@graph":[{"@type":"Article","@id":"https:\/\/ilersis.org\/es\/memoria-es\/ilersis-publica-la-memoria-2024-y-reafirma-su-compromiso-con-el-fomento-a-la-vida-independiente\/#article","isPartOf":{"@id":"https:\/\/ilersis.org\/es\/memoria-es\/ilersis-publica-la-memoria-2024-y-reafirma-su-compromiso-con-el-fomento-a-la-vida-independiente\/"},"author":{"name":"Laia Dolcet","@id":"https:\/\/ilersis.org\/es\/#\/schema\/person\/83dad7a1744c08cc601e6c38ae993734"},"headline":"Ilersis publica la Memoria 2024 y reafirma su compromiso con el fomento a la vida independiente","datePublished":"2025-07-17T12:46:07+00:00","dateModified":"2025-07-18T08:50:12+00:00","mainEntityOfPage":{"@id":"https:\/\/ilersis.org\/es\/memoria-es\/ilersis-publica-la-memoria-2024-y-reafirma-su-compromiso-con-el-fomento-a-la-vida-independiente\/"},"wordCount":669,"publisher":{"@id":"https:\/\/ilersis.org\/es\/#organization"},"image":{"@id":"https:\/\/ilersis.org\/es\/memoria-es\/ilersis-publica-la-memoria-2024-y-reafirma-su-compromiso-con-el-fomento-a-la-vida-independiente\/#primaryimage"},"thumbnailUrl":"https:\/\/ilersis.org\/wp-content\/uploads\/2025\/07\/Actualitat_memoria-2024.jpg","keywords":["memoria","memoria 2024"],"articleSection":["Ilersis","Memoria"],"inLanguage":"es"},{"@type":"WebPage","@id":"https:\/\/ilersis.org\/es\/memoria-es\/ilersis-publica-la-memoria-2024-y-reafirma-su-compromiso-con-el-fomento-a-la-vida-independiente\/","url":"https:\/\/ilersis.org\/es\/memoria-es\/ilersis-publica-la-memoria-2024-y-reafirma-su-compromiso-con-el-fomento-a-la-vida-independiente\/","name":"Ilersis publica la Memoria 2024 y reafirma su compromiso con el fomento a la vida independiente - Ilersis","isPartOf":{"@id":"https:\/\/ilersis.org\/es\/#website"},"primaryImageOfPage":{"@id":"https:\/\/ilersis.org\/es\/memoria-es\/ilersis-publica-la-memoria-2024-y-reafirma-su-compromiso-con-el-fomento-a-la-vida-independiente\/#primaryimage"},"image":{"@id":"https:\/\/ilersis.org\/es\/memoria-es\/ilersis-publica-la-memoria-2024-y-reafirma-su-compromiso-con-el-fomento-a-la-vida-independiente\/#primaryimage"},"thumbnailUrl":"https:\/\/ilersis.org\/wp-content\/uploads\/2025\/07\/Actualitat_memoria-2024.jpg","datePublished":"2025-07-17T12:46:07+00:00","dateModified":"2025-07-18T08:50:12+00:00","description":"Ilersis publica la Memoria 2024 con la actividad desarrollada a lo largo del a\u00f1o y los principales resultados, proyectos y retos logrados.","breadcrumb":{"@id":"https:\/\/ilersis.org\/es\/memoria-es\/ilersis-publica-la-memoria-2024-y-reafirma-su-compromiso-con-el-fomento-a-la-vida-independiente\/#breadcrumb"},"inLanguage":"es","potentialAction":[{"@type":"ReadAction","target":["https:\/\/ilersis.org\/es\/memoria-es\/ilersis-publica-la-memoria-2024-y-reafirma-su-compromiso-con-el-fomento-a-la-vida-independiente\/"]}]},{"@type":"ImageObject","inLanguage":"es","@id":"https:\/\/ilersis.org\/es\/memoria-es\/ilersis-publica-la-memoria-2024-y-reafirma-su-compromiso-con-el-fomento-a-la-vida-independiente\/#primaryimage","url":"https:\/\/ilersis.org\/wp-content\/uploads\/2025\/07\/Actualitat_memoria-2024.jpg","contentUrl":"https:\/\/ilersis.org\/wp-content\/uploads\/2025\/07\/Actualitat_memoria-2024.jpg","width":800,"height":600,"caption":"Actualitat_memoria 2024"},{"@type":"BreadcrumbList","@id":"https:\/\/ilersis.org\/es\/memoria-es\/ilersis-publica-la-memoria-2024-y-reafirma-su-compromiso-con-el-fomento-a-la-vida-independiente\/#breadcrumb","itemListElement":[{"@type":"ListItem","position":1,"name":"Hogar","item":"https:\/\/ilersis.org\/es\/"},{"@type":"ListItem","position":2,"name":"Ilersis publica la Memoria 2024 y reafirma su compromiso con el fomento a la vida independiente"}]},{"@type":"WebSite","@id":"https:\/\/ilersis.org\/es\/#website","url":"https:\/\/ilersis.org\/es\/","name":"Ilersis","description":"Fundaci\u00f3n Ilersis","publisher":{"@id":"https:\/\/ilersis.org\/es\/#organization"},"potentialAction":[{"@type":"SearchAction","target":{"@type":"EntryPoint","urlTemplate":"https:\/\/ilersis.org\/es\/?s={search_term_string}"},"query-input":{"@type":"PropertyValueSpecification","valueRequired":true,"valueName":"search_term_string"}}],"inLanguage":"es"},{"@type":"Organization","@id":"https:\/\/ilersis.org\/es\/#organization","name":"Ilersis Fundaci\u00f3 Privada","url":"https:\/\/ilersis.org\/es\/","logo":{"@type":"ImageObject","inLanguage":"es","@id":"https:\/\/ilersis.org\/es\/#\/schema\/logo\/image\/","url":"https:\/\/ilersis.org\/wp-content\/uploads\/2024\/10\/logo-ilersis-sin-fondo.png","contentUrl":"https:\/\/ilersis.org\/wp-content\/uploads\/2024\/10\/logo-ilersis-sin-fondo.png","width":595,"height":197,"caption":"Ilersis Fundaci\u00f3 Privada"},"image":{"@id":"https:\/\/ilersis.org\/es\/#\/schema\/logo\/image\/"},"sameAs":["https:\/\/www.facebook.com\/fundacioIlersis","https:\/\/x.com\/ILERSISfundacio","https:\/\/www.linkedin.com\/company\/fundacioilersis\/"]},{"@type":"Person","@id":"https:\/\/ilersis.org\/es\/#\/schema\/person\/83dad7a1744c08cc601e6c38ae993734","name":"Laia Dolcet","image":{"@type":"ImageObject","inLanguage":"es","@id":"https:\/\/ilersis.org\/es\/#\/schema\/person\/image\/","url":"https:\/\/secure.gravatar.com\/avatar\/3070e77d44334ce5fade6c8b743117f22c1cecd86c741090b83e8fae856f764b?s=96&d=mm&r=g","contentUrl":"https:\/\/secure.gravatar.com\/avatar\/3070e77d44334ce5fade6c8b743117f22c1cecd86c741090b83e8fae856f764b?s=96&d=mm&r=g","caption":"Laia Dolcet"},"url":"https:\/\/ilersis.org\/es\/author\/laiadeparaula-com\/"}]}},"_links":{"self":[{"href":"https:\/\/ilersis.org\/es\/wp-json\/wp\/v2\/posts\/21476","targetHints":{"allow":["GET"]}}],"collection":[{"href":"https:\/\/ilersis.org\/es\/wp-json\/wp\/v2\/posts"}],"about":[{"href":"https:\/\/ilersis.org\/es\/wp-json\/wp\/v2\/types\/post"}],"author":[{"embeddable":true,"href":"https:\/\/ilersis.org\/es\/wp-json\/wp\/v2\/users\/3"}],"replies":[{"embeddable":true,"href":"https:\/\/ilersis.org\/es\/wp-json\/wp\/v2\/comments?post=21476"}],"version-history":[{"count":1,"href":"https:\/\/ilersis.org\/es\/wp-json\/wp\/v2\/posts\/21476\/revisions"}],"predecessor-version":[{"id":21477,"href":"https:\/\/ilersis.org\/es\/wp-json\/wp\/v2\/posts\/21476\/revisions\/21477"}],"wp:featuredmedia":[{"embeddable":true,"href":"https:\/\/ilersis.org\/es\/wp-json\/wp\/v2\/media\/21450"}],"wp:attachment":[{"href":"https:\/\/ilersis.org\/es\/wp-json\/wp\/v2\/media?parent=21476"}],"wp:term":[{"taxonomy":"category","embeddable":true,"href":"https:\/\/ilersis.org\/es\/wp-json\/wp\/v2\/categories?post=21476"},{"taxonomy":"post_tag","embeddable":true,"href":"https:\/\/ilersis.org\/es\/wp-json\/wp\/v2\/tags?post=21476"}],"curies":[{"name":"wp","href":"https:\/\/api.w.org\/{rel}","templated":true}]}}