{"id":21256,"date":"2025-05-15T11:56:35","date_gmt":"2025-05-15T09:56:35","guid":{"rendered":"https:\/\/ilersis.org\/sin-categoria\/ilersis-renueva-el-distintivo-de-calidad-ambiental-y-la-certificacion-pefc-para-sus-productos-de-madera\/"},"modified":"2025-05-15T13:27:28","modified_gmt":"2025-05-15T11:27:28","slug":"ilersis-renueva-el-distintivo-de-calidad-ambiental-y-la-certificacion-pefc-para-sus-productos-de-madera","status":"publish","type":"post","link":"https:\/\/ilersis.org\/es\/ilersis-es\/ilersis-renueva-el-distintivo-de-calidad-ambiental-y-la-certificacion-pefc-para-sus-productos-de-madera\/","title":{"rendered":"Ilersis renueva el distintivo de calidad ambiental y la certificaci\u00f3n PEFC para sus productos de madera"},"content":{"rendered":"\n<p>La Fundaci\u00f3n Privada Ilersis ha renovado recientemente dos reconocimientos clave que avalan su compromiso con la sostenibilidad y la responsabilidad social. Se trata del <strong>Distintivo de Garant\u00eda de Calidad Ambiental (DGQA)<\/strong> de la Generalidad de Catalu\u00f1a y de la <strong>certificaci\u00f3n PEFC<\/strong> por la madera utilizada en la fabricaci\u00f3n de sus productos de madera. <\/p>\n\n<p>El DGQA acredita que los <a href=\"https:\/\/packagingilersis.org\/content\/6-productos\" target=\"_blank\" rel=\"noreferrer noopener\"><strong>productos de madera<\/strong><\/a> de Ilersis &#8211; estuches, cajas, bandejas, piezas para juegos y otros formatos para la presentaci\u00f3n de productos agroalimentarios y de regalo- cumplen criterios ambientales rigurosos en todo su ciclo de vida. Esta renovaci\u00f3n valida el origen sostenible de las materias primas, el uso de substancias no peligrosas, el control de las emisiones y una correcta gesti\u00f3n de las aguas residuales. <\/p>\n\n<p>Paralelamente, tambi\u00e9n se ha renovado la <strong>certificaci\u00f3n forestal PEFC<\/strong> , que garantiza que cerca del <strong>80% de la madera utilizada proviene de bosques gestionados de forma sostenible<\/strong> . Esta certificaci\u00f3n es clave para promover la gesti\u00f3n responsable de los recursos forestales y refuerza el compromiso de la organizaci\u00f3n con una cadena de suministro responsable. <strong><\/strong><\/p>\n\n<div style=\"height:30px\" aria-hidden=\"true\" class=\"wp-block-spacer\"><\/div>\n\n<div class=\"wp-block-columns has-small-font-size is-layout-flex wp-container-core-columns-is-layout-cf04755a wp-block-columns-is-layout-flex\" style=\"padding-top:0;padding-right:0;padding-bottom:0;padding-left:0\">\n<div class=\"wp-block-column is-layout-flow wp-block-column-is-layout-flow\">\n<figure class=\"wp-block-image aligncenter size-full is-resized\"><picture class=\"wp-picture-21225\" style=\"display: contents;\"><source type=\"image\/avif\" srcset=\"https:\/\/ilersis.org\/wp-content\/uploads\/2025\/05\/PEFC-jpg.avif\"><img decoding=\"async\" width=\"160\" height=\"80\" src=\"https:\/\/ilersis.org\/wp-content\/uploads\/2025\/05\/PEFC.jpg\" alt=\"\" class=\"wp-image-21225\" style=\"width:249px;height:auto\"\/><\/picture><figcaption class=\"wp-element-caption\">Certificaci\u00f3n PEFC<\/figcaption><\/figure>\n<\/div>\n\n\n\n<div class=\"wp-block-column is-layout-flow wp-block-column-is-layout-flow\">\n<figure class=\"wp-block-image aligncenter size-thumbnail is-resized\"><picture class=\"wp-picture-21243\" style=\"display: contents;\"><source type=\"image\/avif\" srcset=\"https:\/\/ilersis.org\/wp-content\/uploads\/2025\/05\/logotipdgqa-150x150-jpg.avif 150w, https:\/\/ilersis.org\/wp-content\/uploads\/2025\/05\/logotipdgqa-300x300-jpg.avif 300w, https:\/\/ilersis.org\/wp-content\/uploads\/2025\/05\/logotipdgqa-jpg.avif 420w\" sizes=\"(max-width: 150px) 100vw, 150px\"><img decoding=\"async\" width=\"150\" height=\"150\" src=\"https:\/\/ilersis.org\/wp-content\/uploads\/2025\/05\/logotipdgqa-150x150.jpg\" alt=\"\" class=\"wp-image-21243\" style=\"width:124px;height:auto\" srcset=\"https:\/\/ilersis.org\/wp-content\/uploads\/2025\/05\/logotipdgqa-150x150.jpg 150w, https:\/\/ilersis.org\/wp-content\/uploads\/2025\/05\/logotipdgqa-300x300.jpg 300w, https:\/\/ilersis.org\/wp-content\/uploads\/2025\/05\/logotipdgqa.jpg 420w\" sizes=\"(max-width: 150px) 100vw, 150px\" \/><\/picture><figcaption class=\"wp-element-caption\">Distintivo DGQA<\/figcaption><\/figure>\n<\/div>\n<\/div>\n\n<div style=\"height:30px\" aria-hidden=\"true\" class=\"wp-block-spacer\"><\/div>\n\n<p>M\u00e1s all\u00e1 del impacto ambiental positivo, este proyecto incorpora un <strong><a href=\"https:\/\/packagingilersis.org\/content\/9-quienes-somos\" target=\"_blank\" rel=\"noreferrer noopener\">modelo social inclusivo<\/a><\/strong> , donde las personas con discapacidad intelectual y otros colectivos en situaci\u00f3n de vulnerabilidad trabajan en un entorno digno, seguro y con valor a\u00f1adido. As\u00ed, Ilersis sigue siendo <strong>un referente de econom\u00eda circular e innovaci\u00f3n social<\/strong> en el territorio. <\/p>\n\n<p>En este sentido, apostar por los productos de packaging elaborados por Ilersis es una forma tangible de apoyar una econom\u00eda m\u00e1s justa, circular e inclusiva. Cada producto de madera que sale del taller no s\u00f3lo cumple con exigentes criterios t\u00e9cnicos y ambientales, sino que cuenta una historia de esfuerzo, colaboraci\u00f3n y valores.   <\/p>\n\n<p><\/p>\n\n<p>Te puede interesar:  <\/p>\n\n<figure class=\"wp-block-embed is-type-wp-embed is-provider-ilersis wp-block-embed-ilersis\"><div class=\"wp-block-embed__wrapper\">\n<blockquote class=\"wp-embedded-content\" data-secret=\"6a9E5lIuI6\"><a href=\"https:\/\/ilersis.org\/ilersis\/ilersis-instal%c2%b7la-un-sistema-de-climatitzacio-sostenible\/\">Ilersis instal\u00b7la un sistema de climatitzaci\u00f3 que reaprofita el seu residu industrial<\/a><\/blockquote><iframe class=\"wp-embedded-content\" sandbox=\"allow-scripts\" security=\"restricted\" style=\"position: absolute; visibility: hidden;\" title=\"\u00abIlersis instal\u00b7la un sistema de climatitzaci\u00f3 que reaprofita el seu residu industrial\u00bb \u2014 Ilersis\" src=\"https:\/\/ilersis.org\/ilersis\/ilersis-instal%c2%b7la-un-sistema-de-climatitzacio-sostenible\/embed\/#?secret=GgsCs7HBD4#?secret=6a9E5lIuI6\" data-secret=\"6a9E5lIuI6\" width=\"600\" height=\"338\" frameborder=\"0\" marginwidth=\"0\" marginheight=\"0\" scrolling=\"no\"><\/iframe>\n<\/div><\/figure>\n\n<p><\/p>\n","protected":false},"excerpt":{"rendered":"<p>La Fundaci\u00f3n Privada Ilersis ha renovado recientemente dos reconocimientos clave que avalan su compromiso con la sostenibilidad y la responsabilidad social. Se trata del Distintivo de Garant\u00eda de Calidad Ambiental (DGQA) de la Generalidad de Catalu\u00f1a y de la certificaci\u00f3n PEFC por la madera utilizada en la fabricaci\u00f3n de sus productos de madera. El DGQA [&hellip;]<\/p>\n","protected":false},"author":3,"featured_media":19418,"comment_status":"closed","ping_status":"open","sticky":false,"template":"","format":"standard","meta":{"footnotes":""},"categories":[100,105],"tags":[116,115],"class_list":["post-21256","post","type-post","status-publish","format-standard","has-post-thumbnail","hentry","category-ilersis-es","category-packaging-de-madera","tag-carpinteria","tag-packaging-ilersis-es"],"yoast_head":"<!-- This site is optimized with the Yoast SEO plugin v27.0 - https:\/\/yoast.com\/product\/yoast-seo-wordpress\/ -->\n<title>Ilersis renueva el distintivo de calidad ambiental y la certificaci\u00f3n PEFC para sus productos de madera - Ilersis<\/title>\n<meta name=\"description\" content=\"La Fundaci\u00f3n Privada Ilersis renueva el Distintivo de Garant\u00eda de Calidad Ambiental (DGQA) de la Generalidad de Catalu\u00f1a y la certificaci\u00f3n PEFC\" \/>\n<meta name=\"robots\" content=\"index, follow, max-snippet:-1, max-image-preview:large, max-video-preview:-1\" \/>\n<link rel=\"canonical\" href=\"https:\/\/ilersis.org\/es\/ilersis-es\/ilersis-renueva-el-distintivo-de-calidad-ambiental-y-la-certificacion-pefc-para-sus-productos-de-madera\/\" \/>\n<meta property=\"og:locale\" content=\"es_ES\" \/>\n<meta property=\"og:type\" content=\"article\" \/>\n<meta property=\"og:title\" content=\"Ilersis renueva el distintivo de calidad ambiental y la certificaci\u00f3n PEFC para sus productos de madera - Ilersis\" \/>\n<meta property=\"og:description\" content=\"La Fundaci\u00f3n Privada Ilersis renueva el Distintivo de Garant\u00eda de Calidad Ambiental (DGQA) de la Generalidad de Catalu\u00f1a y la certificaci\u00f3n PEFC\" \/>\n<meta property=\"og:url\" content=\"https:\/\/ilersis.org\/es\/ilersis-es\/ilersis-renueva-el-distintivo-de-calidad-ambiental-y-la-certificacion-pefc-para-sus-productos-de-madera\/\" \/>\n<meta property=\"og:site_name\" content=\"Ilersis\" \/>\n<meta property=\"article:publisher\" content=\"https:\/\/www.facebook.com\/fundacioIlersis\" \/>\n<meta property=\"article:published_time\" content=\"2025-05-15T09:56:35+00:00\" \/>\n<meta property=\"article:modified_time\" content=\"2025-05-15T11:27:28+00:00\" \/>\n<meta property=\"og:image\" content=\"https:\/\/ilersis.org\/wp-content\/uploads\/2024\/12\/fusteria_grapado_4.jpg\" \/>\n\t<meta property=\"og:image:width\" content=\"900\" \/>\n\t<meta property=\"og:image:height\" content=\"600\" \/>\n\t<meta property=\"og:image:type\" content=\"image\/jpeg\" \/>\n<meta name=\"author\" content=\"Laia Dolcet\" \/>\n<meta name=\"twitter:card\" content=\"summary_large_image\" \/>\n<meta name=\"twitter:creator\" content=\"@ILERSISfundacio\" \/>\n<meta name=\"twitter:site\" content=\"@ILERSISfundacio\" \/>\n<meta name=\"twitter:label1\" content=\"Escrito por\" \/>\n\t<meta name=\"twitter:data1\" content=\"Laia Dolcet\" \/>\n\t<meta name=\"twitter:label2\" content=\"Tiempo de lectura\" \/>\n\t<meta name=\"twitter:data2\" content=\"2 minutos\" \/>\n<script type=\"application\/ld+json\" class=\"yoast-schema-graph\">{\"@context\":\"https:\/\/schema.org\",\"@graph\":[{\"@type\":\"Article\",\"@id\":\"https:\/\/ilersis.org\/es\/ilersis-es\/ilersis-renueva-el-distintivo-de-calidad-ambiental-y-la-certificacion-pefc-para-sus-productos-de-madera\/#article\",\"isPartOf\":{\"@id\":\"https:\/\/ilersis.org\/es\/ilersis-es\/ilersis-renueva-el-distintivo-de-calidad-ambiental-y-la-certificacion-pefc-para-sus-productos-de-madera\/\"},\"author\":{\"name\":\"Laia Dolcet\",\"@id\":\"https:\/\/ilersis.org\/es\/#\/schema\/person\/83dad7a1744c08cc601e6c38ae993734\"},\"headline\":\"Ilersis renueva el distintivo de calidad ambiental y la certificaci\u00f3n PEFC para sus productos de madera\",\"datePublished\":\"2025-05-15T09:56:35+00:00\",\"dateModified\":\"2025-05-15T11:27:28+00:00\",\"mainEntityOfPage\":{\"@id\":\"https:\/\/ilersis.org\/es\/ilersis-es\/ilersis-renueva-el-distintivo-de-calidad-ambiental-y-la-certificacion-pefc-para-sus-productos-de-madera\/\"},\"wordCount\":331,\"publisher\":{\"@id\":\"https:\/\/ilersis.org\/es\/#organization\"},\"image\":{\"@id\":\"https:\/\/ilersis.org\/es\/ilersis-es\/ilersis-renueva-el-distintivo-de-calidad-ambiental-y-la-certificacion-pefc-para-sus-productos-de-madera\/#primaryimage\"},\"thumbnailUrl\":\"https:\/\/ilersis.org\/wp-content\/uploads\/2024\/12\/fusteria_grapado_4.jpg\",\"keywords\":[\"carpinter\u00eda\",\"packaging ilersis\"],\"articleSection\":[\"Ilersis\",\"Packaging de madera\"],\"inLanguage\":\"es\"},{\"@type\":\"WebPage\",\"@id\":\"https:\/\/ilersis.org\/es\/ilersis-es\/ilersis-renueva-el-distintivo-de-calidad-ambiental-y-la-certificacion-pefc-para-sus-productos-de-madera\/\",\"url\":\"https:\/\/ilersis.org\/es\/ilersis-es\/ilersis-renueva-el-distintivo-de-calidad-ambiental-y-la-certificacion-pefc-para-sus-productos-de-madera\/\",\"name\":\"Ilersis renueva el distintivo de calidad ambiental y la certificaci\u00f3n PEFC para sus productos de madera - Ilersis\",\"isPartOf\":{\"@id\":\"https:\/\/ilersis.org\/es\/#website\"},\"primaryImageOfPage\":{\"@id\":\"https:\/\/ilersis.org\/es\/ilersis-es\/ilersis-renueva-el-distintivo-de-calidad-ambiental-y-la-certificacion-pefc-para-sus-productos-de-madera\/#primaryimage\"},\"image\":{\"@id\":\"https:\/\/ilersis.org\/es\/ilersis-es\/ilersis-renueva-el-distintivo-de-calidad-ambiental-y-la-certificacion-pefc-para-sus-productos-de-madera\/#primaryimage\"},\"thumbnailUrl\":\"https:\/\/ilersis.org\/wp-content\/uploads\/2024\/12\/fusteria_grapado_4.jpg\",\"datePublished\":\"2025-05-15T09:56:35+00:00\",\"dateModified\":\"2025-05-15T11:27:28+00:00\",\"description\":\"La Fundaci\u00f3n Privada Ilersis renueva el Distintivo de Garant\u00eda de Calidad Ambiental (DGQA) de la Generalidad de Catalu\u00f1a y la certificaci\u00f3n PEFC\",\"breadcrumb\":{\"@id\":\"https:\/\/ilersis.org\/es\/ilersis-es\/ilersis-renueva-el-distintivo-de-calidad-ambiental-y-la-certificacion-pefc-para-sus-productos-de-madera\/#breadcrumb\"},\"inLanguage\":\"es\",\"potentialAction\":[{\"@type\":\"ReadAction\",\"target\":[\"https:\/\/ilersis.org\/es\/ilersis-es\/ilersis-renueva-el-distintivo-de-calidad-ambiental-y-la-certificacion-pefc-para-sus-productos-de-madera\/\"]}]},{\"@type\":\"ImageObject\",\"inLanguage\":\"es\",\"@id\":\"https:\/\/ilersis.org\/es\/ilersis-es\/ilersis-renueva-el-distintivo-de-calidad-ambiental-y-la-certificacion-pefc-para-sus-productos-de-madera\/#primaryimage\",\"url\":\"https:\/\/ilersis.org\/wp-content\/uploads\/2024\/12\/fusteria_grapado_4.jpg\",\"contentUrl\":\"https:\/\/ilersis.org\/wp-content\/uploads\/2024\/12\/fusteria_grapado_4.jpg\",\"width\":900,\"height\":600,\"caption\":\"Caixes de fusta d'Ilersis\"},{\"@type\":\"BreadcrumbList\",\"@id\":\"https:\/\/ilersis.org\/es\/ilersis-es\/ilersis-renueva-el-distintivo-de-calidad-ambiental-y-la-certificacion-pefc-para-sus-productos-de-madera\/#breadcrumb\",\"itemListElement\":[{\"@type\":\"ListItem\",\"position\":1,\"name\":\"Hogar\",\"item\":\"https:\/\/ilersis.org\/es\/\"},{\"@type\":\"ListItem\",\"position\":2,\"name\":\"Ilersis renueva el distintivo de calidad ambiental y la certificaci\u00f3n PEFC para sus productos de madera\"}]},{\"@type\":\"WebSite\",\"@id\":\"https:\/\/ilersis.org\/es\/#website\",\"url\":\"https:\/\/ilersis.org\/es\/\",\"name\":\"Ilersis\",\"description\":\"Fundaci\u00f3n Ilersis\",\"publisher\":{\"@id\":\"https:\/\/ilersis.org\/es\/#organization\"},\"potentialAction\":[{\"@type\":\"SearchAction\",\"target\":{\"@type\":\"EntryPoint\",\"urlTemplate\":\"https:\/\/ilersis.org\/es\/?s={search_term_string}\"},\"query-input\":{\"@type\":\"PropertyValueSpecification\",\"valueRequired\":true,\"valueName\":\"search_term_string\"}}],\"inLanguage\":\"es\"},{\"@type\":\"Organization\",\"@id\":\"https:\/\/ilersis.org\/es\/#organization\",\"name\":\"Ilersis Fundaci\u00f3 Privada\",\"url\":\"https:\/\/ilersis.org\/es\/\",\"logo\":{\"@type\":\"ImageObject\",\"inLanguage\":\"es\",\"@id\":\"https:\/\/ilersis.org\/es\/#\/schema\/logo\/image\/\",\"url\":\"https:\/\/ilersis.org\/wp-content\/uploads\/2024\/10\/logo-ilersis-sin-fondo.png\",\"contentUrl\":\"https:\/\/ilersis.org\/wp-content\/uploads\/2024\/10\/logo-ilersis-sin-fondo.png\",\"width\":595,\"height\":197,\"caption\":\"Ilersis Fundaci\u00f3 Privada\"},\"image\":{\"@id\":\"https:\/\/ilersis.org\/es\/#\/schema\/logo\/image\/\"},\"sameAs\":[\"https:\/\/www.facebook.com\/fundacioIlersis\",\"https:\/\/x.com\/ILERSISfundacio\",\"https:\/\/www.linkedin.com\/company\/fundacioilersis\/\"]},{\"@type\":\"Person\",\"@id\":\"https:\/\/ilersis.org\/es\/#\/schema\/person\/83dad7a1744c08cc601e6c38ae993734\",\"name\":\"Laia Dolcet\",\"image\":{\"@type\":\"ImageObject\",\"inLanguage\":\"es\",\"@id\":\"https:\/\/ilersis.org\/es\/#\/schema\/person\/image\/\",\"url\":\"https:\/\/secure.gravatar.com\/avatar\/3070e77d44334ce5fade6c8b743117f22c1cecd86c741090b83e8fae856f764b?s=96&d=mm&r=g\",\"contentUrl\":\"https:\/\/secure.gravatar.com\/avatar\/3070e77d44334ce5fade6c8b743117f22c1cecd86c741090b83e8fae856f764b?s=96&d=mm&r=g\",\"caption\":\"Laia Dolcet\"},\"url\":\"https:\/\/ilersis.org\/es\/author\/laiadeparaula-com\/\"}]}<\/script>\n<!-- \/ Yoast SEO plugin. -->","yoast_head_json":{"title":"Ilersis renueva el distintivo de calidad ambiental y la certificaci\u00f3n PEFC para sus productos de madera - Ilersis","description":"La Fundaci\u00f3n Privada Ilersis renueva el Distintivo de Garant\u00eda de Calidad Ambiental (DGQA) de la Generalidad de Catalu\u00f1a y la certificaci\u00f3n PEFC","robots":{"index":"index","follow":"follow","max-snippet":"max-snippet:-1","max-image-preview":"max-image-preview:large","max-video-preview":"max-video-preview:-1"},"canonical":"https:\/\/ilersis.org\/es\/ilersis-es\/ilersis-renueva-el-distintivo-de-calidad-ambiental-y-la-certificacion-pefc-para-sus-productos-de-madera\/","og_locale":"es_ES","og_type":"article","og_title":"Ilersis renueva el distintivo de calidad ambiental y la certificaci\u00f3n PEFC para sus productos de madera - Ilersis","og_description":"La Fundaci\u00f3n Privada Ilersis renueva el Distintivo de Garant\u00eda de Calidad Ambiental (DGQA) de la Generalidad de Catalu\u00f1a y la certificaci\u00f3n PEFC","og_url":"https:\/\/ilersis.org\/es\/ilersis-es\/ilersis-renueva-el-distintivo-de-calidad-ambiental-y-la-certificacion-pefc-para-sus-productos-de-madera\/","og_site_name":"Ilersis","article_publisher":"https:\/\/www.facebook.com\/fundacioIlersis","article_published_time":"2025-05-15T09:56:35+00:00","article_modified_time":"2025-05-15T11:27:28+00:00","og_image":[{"width":900,"height":600,"url":"https:\/\/ilersis.org\/wp-content\/uploads\/2024\/12\/fusteria_grapado_4.jpg","type":"image\/jpeg"}],"author":"Laia Dolcet","twitter_card":"summary_large_image","twitter_creator":"@ILERSISfundacio","twitter_site":"@ILERSISfundacio","twitter_misc":{"Escrito por":"Laia Dolcet","Tiempo de lectura":"2 minutos"},"schema":{"@context":"https:\/\/schema.org","@graph":[{"@type":"Article","@id":"https:\/\/ilersis.org\/es\/ilersis-es\/ilersis-renueva-el-distintivo-de-calidad-ambiental-y-la-certificacion-pefc-para-sus-productos-de-madera\/#article","isPartOf":{"@id":"https:\/\/ilersis.org\/es\/ilersis-es\/ilersis-renueva-el-distintivo-de-calidad-ambiental-y-la-certificacion-pefc-para-sus-productos-de-madera\/"},"author":{"name":"Laia Dolcet","@id":"https:\/\/ilersis.org\/es\/#\/schema\/person\/83dad7a1744c08cc601e6c38ae993734"},"headline":"Ilersis renueva el distintivo de calidad ambiental y la certificaci\u00f3n PEFC para sus productos de madera","datePublished":"2025-05-15T09:56:35+00:00","dateModified":"2025-05-15T11:27:28+00:00","mainEntityOfPage":{"@id":"https:\/\/ilersis.org\/es\/ilersis-es\/ilersis-renueva-el-distintivo-de-calidad-ambiental-y-la-certificacion-pefc-para-sus-productos-de-madera\/"},"wordCount":331,"publisher":{"@id":"https:\/\/ilersis.org\/es\/#organization"},"image":{"@id":"https:\/\/ilersis.org\/es\/ilersis-es\/ilersis-renueva-el-distintivo-de-calidad-ambiental-y-la-certificacion-pefc-para-sus-productos-de-madera\/#primaryimage"},"thumbnailUrl":"https:\/\/ilersis.org\/wp-content\/uploads\/2024\/12\/fusteria_grapado_4.jpg","keywords":["carpinter\u00eda","packaging ilersis"],"articleSection":["Ilersis","Packaging de madera"],"inLanguage":"es"},{"@type":"WebPage","@id":"https:\/\/ilersis.org\/es\/ilersis-es\/ilersis-renueva-el-distintivo-de-calidad-ambiental-y-la-certificacion-pefc-para-sus-productos-de-madera\/","url":"https:\/\/ilersis.org\/es\/ilersis-es\/ilersis-renueva-el-distintivo-de-calidad-ambiental-y-la-certificacion-pefc-para-sus-productos-de-madera\/","name":"Ilersis renueva el distintivo de calidad ambiental y la certificaci\u00f3n PEFC para sus productos de madera - Ilersis","isPartOf":{"@id":"https:\/\/ilersis.org\/es\/#website"},"primaryImageOfPage":{"@id":"https:\/\/ilersis.org\/es\/ilersis-es\/ilersis-renueva-el-distintivo-de-calidad-ambiental-y-la-certificacion-pefc-para-sus-productos-de-madera\/#primaryimage"},"image":{"@id":"https:\/\/ilersis.org\/es\/ilersis-es\/ilersis-renueva-el-distintivo-de-calidad-ambiental-y-la-certificacion-pefc-para-sus-productos-de-madera\/#primaryimage"},"thumbnailUrl":"https:\/\/ilersis.org\/wp-content\/uploads\/2024\/12\/fusteria_grapado_4.jpg","datePublished":"2025-05-15T09:56:35+00:00","dateModified":"2025-05-15T11:27:28+00:00","description":"La Fundaci\u00f3n Privada Ilersis renueva el Distintivo de Garant\u00eda de Calidad Ambiental (DGQA) de la Generalidad de Catalu\u00f1a y la certificaci\u00f3n PEFC","breadcrumb":{"@id":"https:\/\/ilersis.org\/es\/ilersis-es\/ilersis-renueva-el-distintivo-de-calidad-ambiental-y-la-certificacion-pefc-para-sus-productos-de-madera\/#breadcrumb"},"inLanguage":"es","potentialAction":[{"@type":"ReadAction","target":["https:\/\/ilersis.org\/es\/ilersis-es\/ilersis-renueva-el-distintivo-de-calidad-ambiental-y-la-certificacion-pefc-para-sus-productos-de-madera\/"]}]},{"@type":"ImageObject","inLanguage":"es","@id":"https:\/\/ilersis.org\/es\/ilersis-es\/ilersis-renueva-el-distintivo-de-calidad-ambiental-y-la-certificacion-pefc-para-sus-productos-de-madera\/#primaryimage","url":"https:\/\/ilersis.org\/wp-content\/uploads\/2024\/12\/fusteria_grapado_4.jpg","contentUrl":"https:\/\/ilersis.org\/wp-content\/uploads\/2024\/12\/fusteria_grapado_4.jpg","width":900,"height":600,"caption":"Caixes de fusta d'Ilersis"},{"@type":"BreadcrumbList","@id":"https:\/\/ilersis.org\/es\/ilersis-es\/ilersis-renueva-el-distintivo-de-calidad-ambiental-y-la-certificacion-pefc-para-sus-productos-de-madera\/#breadcrumb","itemListElement":[{"@type":"ListItem","position":1,"name":"Hogar","item":"https:\/\/ilersis.org\/es\/"},{"@type":"ListItem","position":2,"name":"Ilersis renueva el distintivo de calidad ambiental y la certificaci\u00f3n PEFC para sus productos de madera"}]},{"@type":"WebSite","@id":"https:\/\/ilersis.org\/es\/#website","url":"https:\/\/ilersis.org\/es\/","name":"Ilersis","description":"Fundaci\u00f3n Ilersis","publisher":{"@id":"https:\/\/ilersis.org\/es\/#organization"},"potentialAction":[{"@type":"SearchAction","target":{"@type":"EntryPoint","urlTemplate":"https:\/\/ilersis.org\/es\/?s={search_term_string}"},"query-input":{"@type":"PropertyValueSpecification","valueRequired":true,"valueName":"search_term_string"}}],"inLanguage":"es"},{"@type":"Organization","@id":"https:\/\/ilersis.org\/es\/#organization","name":"Ilersis Fundaci\u00f3 Privada","url":"https:\/\/ilersis.org\/es\/","logo":{"@type":"ImageObject","inLanguage":"es","@id":"https:\/\/ilersis.org\/es\/#\/schema\/logo\/image\/","url":"https:\/\/ilersis.org\/wp-content\/uploads\/2024\/10\/logo-ilersis-sin-fondo.png","contentUrl":"https:\/\/ilersis.org\/wp-content\/uploads\/2024\/10\/logo-ilersis-sin-fondo.png","width":595,"height":197,"caption":"Ilersis Fundaci\u00f3 Privada"},"image":{"@id":"https:\/\/ilersis.org\/es\/#\/schema\/logo\/image\/"},"sameAs":["https:\/\/www.facebook.com\/fundacioIlersis","https:\/\/x.com\/ILERSISfundacio","https:\/\/www.linkedin.com\/company\/fundacioilersis\/"]},{"@type":"Person","@id":"https:\/\/ilersis.org\/es\/#\/schema\/person\/83dad7a1744c08cc601e6c38ae993734","name":"Laia Dolcet","image":{"@type":"ImageObject","inLanguage":"es","@id":"https:\/\/ilersis.org\/es\/#\/schema\/person\/image\/","url":"https:\/\/secure.gravatar.com\/avatar\/3070e77d44334ce5fade6c8b743117f22c1cecd86c741090b83e8fae856f764b?s=96&d=mm&r=g","contentUrl":"https:\/\/secure.gravatar.com\/avatar\/3070e77d44334ce5fade6c8b743117f22c1cecd86c741090b83e8fae856f764b?s=96&d=mm&r=g","caption":"Laia Dolcet"},"url":"https:\/\/ilersis.org\/es\/author\/laiadeparaula-com\/"}]}},"_links":{"self":[{"href":"https:\/\/ilersis.org\/es\/wp-json\/wp\/v2\/posts\/21256","targetHints":{"allow":["GET"]}}],"collection":[{"href":"https:\/\/ilersis.org\/es\/wp-json\/wp\/v2\/posts"}],"about":[{"href":"https:\/\/ilersis.org\/es\/wp-json\/wp\/v2\/types\/post"}],"author":[{"embeddable":true,"href":"https:\/\/ilersis.org\/es\/wp-json\/wp\/v2\/users\/3"}],"replies":[{"embeddable":true,"href":"https:\/\/ilersis.org\/es\/wp-json\/wp\/v2\/comments?post=21256"}],"version-history":[{"count":1,"href":"https:\/\/ilersis.org\/es\/wp-json\/wp\/v2\/posts\/21256\/revisions"}],"predecessor-version":[{"id":21257,"href":"https:\/\/ilersis.org\/es\/wp-json\/wp\/v2\/posts\/21256\/revisions\/21257"}],"wp:featuredmedia":[{"embeddable":true,"href":"https:\/\/ilersis.org\/es\/wp-json\/wp\/v2\/media\/19418"}],"wp:attachment":[{"href":"https:\/\/ilersis.org\/es\/wp-json\/wp\/v2\/media?parent=21256"}],"wp:term":[{"taxonomy":"category","embeddable":true,"href":"https:\/\/ilersis.org\/es\/wp-json\/wp\/v2\/categories?post=21256"},{"taxonomy":"post_tag","embeddable":true,"href":"https:\/\/ilersis.org\/es\/wp-json\/wp\/v2\/tags?post=21256"}],"curies":[{"name":"wp","href":"https:\/\/api.w.org\/{rel}","templated":true}]}}