{"id":21219,"date":"2025-05-08T13:09:21","date_gmt":"2025-05-08T11:09:21","guid":{"rendered":"https:\/\/ilersis.org\/sin-categoria\/la-brigada-de-jardineria-de-ilersis-gestionara-el-mantenimiento-de-las-zonas-verdes-de-torrefarrera\/"},"modified":"2025-05-08T13:42:11","modified_gmt":"2025-05-08T11:42:11","slug":"la-brigada-de-jardineria-de-ilersis-gestionara-el-mantenimiento-de-las-zonas-verdes-de-torrefarrera","status":"publish","type":"post","link":"https:\/\/ilersis.org\/es\/ilersis-es\/la-brigada-de-jardineria-de-ilersis-gestionara-el-mantenimiento-de-las-zonas-verdes-de-torrefarrera\/","title":{"rendered":"La brigada de jardiner\u00eda de Ilersis gestionar\u00e1 el mantenimiento de las zonas verdes de Torrefarrera"},"content":{"rendered":"\t\t<div data-elementor-type=\"wp-post\" data-elementor-id=\"21219\" class=\"elementor elementor-21219 elementor-21199\" data-elementor-post-type=\"post\">\n\t\t\t\t<div class=\"elementor-element elementor-element-bc18724 e-flex e-con-boxed e-con e-parent\" data-id=\"bc18724\" data-element_type=\"container\" data-settings=\"{&quot;jet_parallax_layout_list&quot;:[]}\">\n\t\t\t\t\t<div class=\"e-con-inner\">\n\t\t\t\t<div class=\"elementor-element elementor-element-482b56f elementor-widget elementor-widget-text-editor\" data-id=\"482b56f\" data-element_type=\"widget\" data-widget_type=\"text-editor.default\">\n\t\t\t\t<div class=\"elementor-widget-container\">\n\t\t\t\t\t\t\t\t\t<p class=\"\" data-start=\"191\" data-end=\"431\">En la Fundaci\u00f3 Privada Ilersis empezamos un nuevo proyecto con mucha ilusi\u00f3n: <strong>hemos formalizado el contrato con el <a href=\"https:\/\/www.torrefarrera.cat\/\" target=\"_blank\" rel=\"noopener\">Ayuntamiento de Torrefarrera<\/a> para gestionar los servicios de jardiner\u00eda y el mantenimiento de las zonas verdes del municipio<\/strong> durante todo el a\u00f1o.<\/p><p class=\"\" data-start=\"433\" data-end=\"876\"><strong>Este acuerdo permitir\u00e1 que nuestra <a href=\"https:\/\/ilersis.org\/es\/jardineria\/\" target=\"_blank\" rel=\"noopener\">brigada de jardiner\u00eda<\/a>, formada por profesionales de nuestro Centro Especial de Empleo (CET Ilersis),<\/strong> se encargue de cuidar de los parques, jardines y espacios verdes de Torrefarrera. Un servicio continuado que garantizar\u00e1 la calidad, limpieza y seguridad de los espacios verdes de este pueblo del Segri\u00e0, y que refuerza el compromiso de la administraci\u00f3n local con la <strong data-start=\"798\" data-end=\"847\">inclusi\u00f3n laboral de personas con discapacidad o en riesgo de exclusi\u00f3n social.<\/strong> <\/p>\t\t\t\t\t\t\t\t<\/div>\n\t\t\t\t<\/div>\n\t\t\t\t\t<\/div>\n\t\t\t\t<\/div>\n\t\t<div class=\"elementor-element elementor-element-403ae6b e-flex e-con-boxed e-con e-parent\" data-id=\"403ae6b\" data-element_type=\"container\" data-settings=\"{&quot;jet_parallax_layout_list&quot;:[]}\">\n\t\t\t\t\t<div class=\"e-con-inner\">\n\t\t\t\t<div class=\"elementor-element elementor-element-60f7a05 elementor-widget elementor-widget-spacer\" data-id=\"60f7a05\" data-element_type=\"widget\" data-widget_type=\"spacer.default\">\n\t\t\t\t<div class=\"elementor-widget-container\">\n\t\t\t\t\t\t\t<div class=\"elementor-spacer\">\n\t\t\t<div class=\"elementor-spacer-inner\"><\/div>\n\t\t<\/div>\n\t\t\t\t\t\t<\/div>\n\t\t\t\t<\/div>\n\t\t\t\t\t<\/div>\n\t\t\t\t<\/div>\n\t\t<div class=\"elementor-element elementor-element-b5a1fde e-flex e-con-boxed e-con e-parent\" data-id=\"b5a1fde\" data-element_type=\"container\" data-settings=\"{&quot;jet_parallax_layout_list&quot;:[]}\">\n\t\t\t\t\t<div class=\"e-con-inner\">\n\t\t\t\t<div class=\"elementor-element elementor-element-0934c2d elementor-widget elementor-widget-text-editor\" data-id=\"0934c2d\" data-element_type=\"widget\" data-widget_type=\"text-editor.default\">\n\t\t\t\t<div class=\"elementor-widget-container\">\n\t\t\t\t\t\t\t\t\t<h2 data-start=\"878\" data-end=\"953\">Brigadas de servicios: oportunidades laborales y compromiso con el territorio<\/h2><p class=\"\" data-start=\"955\" data-end=\"1262\"><strong>Desde nuestro CET, impulsamos distintas brigadas de servicios que ofrecen soluciones profesionales y eficientes a particulares, empresas y ayuntamientos.<\/strong> Estas brigadas incluyen servicios de jardiner\u00eda, limpieza, mantenimiento y otras labores vinculadas a la gesti\u00f3n de espacios p\u00fablicos y privados.<\/p><p class=\"\" data-start=\"1264\" data-end=\"1595\">Nuestros equipos est\u00e1n formados por personas con especiales dificultades de acceso al mercado laboral, que encuentran en estos servicios una oportunidad para desarrollar sus habilidades y crecer profesionalmente. A su vez, el territorio se beneficia de un trabajo de calidad, comprometido con el medio ambiente y el bienestar de la comunidad. <\/p><p class=\"\" data-start=\"1663\" data-end=\"2231\">Entre las acciones previstas dentro de los servicios de jardiner\u00eda, se encuentran la poda de \u00e1rboles y arbustos, el mantenimiento del sistema de riego, la limpieza de zonas ajardinadas, la plantaci\u00f3n de flores y plantas de temporada, el control de plagas, y el seguimiento del estado general de los parques y jardines.<\/p><p class=\"\" data-start=\"2233\" data-end=\"2459\">Agradecemos al Ayuntamiento de Torrefarrera la confianza por promover una sociedad m\u00e1s justa e inclusiva y apoyar proyectos con valor social como el nuestro.<\/p>\t\t\t\t\t\t\t\t<\/div>\n\t\t\t\t<\/div>\n\t\t\t\t\t<\/div>\n\t\t\t\t<\/div>\n\t\t<div class=\"elementor-element elementor-element-a25ac0f e-flex e-con-boxed e-con e-parent\" data-id=\"a25ac0f\" data-element_type=\"container\" data-settings=\"{&quot;jet_parallax_layout_list&quot;:[]}\">\n\t\t\t\t\t<div class=\"e-con-inner\">\n\t\t\t\t<div class=\"elementor-element elementor-element-c3bf80d elementor-widget elementor-widget-spacer\" data-id=\"c3bf80d\" data-element_type=\"widget\" data-widget_type=\"spacer.default\">\n\t\t\t\t<div class=\"elementor-widget-container\">\n\t\t\t\t\t\t\t<div class=\"elementor-spacer\">\n\t\t\t<div class=\"elementor-spacer-inner\"><\/div>\n\t\t<\/div>\n\t\t\t\t\t\t<\/div>\n\t\t\t\t<\/div>\n\t\t\t\t\t<\/div>\n\t\t\t\t<\/div>\n\t\t\t\t<\/div>\n\t\t","protected":false},"excerpt":{"rendered":"<p>En la Fundaci\u00f3 Privada Ilersis empezamos un nuevo proyecto con mucha ilusi\u00f3n: hemos formalizado el contrato con el Ayuntamiento de Torrefarrera para gestionar los servicios de jardiner\u00eda y el mantenimiento de las zonas verdes del municipio durante todo el a\u00f1o. Este acuerdo permitir\u00e1 que nuestra brigada de jardiner\u00eda, formada por profesionales de nuestro Centro Especial [&hellip;]<\/p>\n","protected":false},"author":3,"featured_media":21211,"comment_status":"closed","ping_status":"open","sticky":false,"template":"","format":"standard","meta":{"footnotes":""},"categories":[100,102],"tags":[],"class_list":["post-21219","post","type-post","status-publish","format-standard","has-post-thumbnail","hentry","category-ilersis-es","category-jardineria-y-medio-ambiente"],"yoast_head":"<!-- This site is optimized with the Yoast SEO plugin v27.0 - https:\/\/yoast.com\/product\/yoast-seo-wordpress\/ -->\n<title>La brigada de jardiner\u00eda de Ilersis gestionar\u00e1 el mantenimiento de las zonas verdes de Torrefarrera - Ilersis<\/title>\n<meta name=\"description\" content=\"En la Fundaci\u00f3 Ilersis hemos formalizado el contrato con el Ayuntamiento de Torrefarrera para gestionar los servicios de jardiner\u00eda.\" \/>\n<meta name=\"robots\" content=\"index, follow, max-snippet:-1, max-image-preview:large, max-video-preview:-1\" \/>\n<link rel=\"canonical\" href=\"https:\/\/ilersis.org\/es\/ilersis-es\/la-brigada-de-jardineria-de-ilersis-gestionara-el-mantenimiento-de-las-zonas-verdes-de-torrefarrera\/\" \/>\n<meta property=\"og:locale\" content=\"es_ES\" \/>\n<meta property=\"og:type\" content=\"article\" \/>\n<meta property=\"og:title\" content=\"La brigada de jardiner\u00eda de Ilersis gestionar\u00e1 el mantenimiento de las zonas verdes de Torrefarrera - Ilersis\" \/>\n<meta property=\"og:description\" content=\"En la Fundaci\u00f3 Ilersis hemos formalizado el contrato con el Ayuntamiento de Torrefarrera para gestionar los servicios de jardiner\u00eda.\" \/>\n<meta property=\"og:url\" content=\"https:\/\/ilersis.org\/es\/ilersis-es\/la-brigada-de-jardineria-de-ilersis-gestionara-el-mantenimiento-de-las-zonas-verdes-de-torrefarrera\/\" \/>\n<meta property=\"og:site_name\" content=\"Ilersis\" \/>\n<meta property=\"article:publisher\" content=\"https:\/\/www.facebook.com\/fundacioIlersis\" \/>\n<meta property=\"article:published_time\" content=\"2025-05-08T11:09:21+00:00\" \/>\n<meta property=\"article:modified_time\" content=\"2025-05-08T11:42:11+00:00\" \/>\n<meta property=\"og:image\" content=\"https:\/\/ilersis.org\/wp-content\/uploads\/2025\/05\/20250507_jardineria_tf.jpeg\" \/>\n\t<meta property=\"og:image:width\" content=\"2048\" \/>\n\t<meta property=\"og:image:height\" content=\"1153\" \/>\n\t<meta property=\"og:image:type\" content=\"image\/jpeg\" \/>\n<meta name=\"author\" content=\"Laia Dolcet\" \/>\n<meta name=\"twitter:card\" content=\"summary_large_image\" \/>\n<meta name=\"twitter:creator\" content=\"@ILERSISfundacio\" \/>\n<meta name=\"twitter:site\" content=\"@ILERSISfundacio\" \/>\n<meta name=\"twitter:label1\" content=\"Escrito por\" \/>\n\t<meta name=\"twitter:data1\" content=\"Laia Dolcet\" \/>\n\t<meta name=\"twitter:label2\" content=\"Tiempo de lectura\" \/>\n\t<meta name=\"twitter:data2\" content=\"2 minutos\" \/>\n<script type=\"application\/ld+json\" class=\"yoast-schema-graph\">{\"@context\":\"https:\/\/schema.org\",\"@graph\":[{\"@type\":\"Article\",\"@id\":\"https:\/\/ilersis.org\/es\/ilersis-es\/la-brigada-de-jardineria-de-ilersis-gestionara-el-mantenimiento-de-las-zonas-verdes-de-torrefarrera\/#article\",\"isPartOf\":{\"@id\":\"https:\/\/ilersis.org\/es\/ilersis-es\/la-brigada-de-jardineria-de-ilersis-gestionara-el-mantenimiento-de-las-zonas-verdes-de-torrefarrera\/\"},\"author\":{\"name\":\"Laia Dolcet\",\"@id\":\"https:\/\/ilersis.org\/es\/#\/schema\/person\/83dad7a1744c08cc601e6c38ae993734\"},\"headline\":\"La brigada de jardiner\u00eda de Ilersis gestionar\u00e1 el mantenimiento de las zonas verdes de Torrefarrera\",\"datePublished\":\"2025-05-08T11:09:21+00:00\",\"dateModified\":\"2025-05-08T11:42:11+00:00\",\"mainEntityOfPage\":{\"@id\":\"https:\/\/ilersis.org\/es\/ilersis-es\/la-brigada-de-jardineria-de-ilersis-gestionara-el-mantenimiento-de-las-zonas-verdes-de-torrefarrera\/\"},\"wordCount\":320,\"publisher\":{\"@id\":\"https:\/\/ilersis.org\/es\/#organization\"},\"image\":{\"@id\":\"https:\/\/ilersis.org\/es\/ilersis-es\/la-brigada-de-jardineria-de-ilersis-gestionara-el-mantenimiento-de-las-zonas-verdes-de-torrefarrera\/#primaryimage\"},\"thumbnailUrl\":\"https:\/\/ilersis.org\/wp-content\/uploads\/2025\/05\/20250507_jardineria_tf.jpeg\",\"articleSection\":[\"Ilersis\",\"Jardineria y medio ambiente\"],\"inLanguage\":\"es\"},{\"@type\":\"WebPage\",\"@id\":\"https:\/\/ilersis.org\/es\/ilersis-es\/la-brigada-de-jardineria-de-ilersis-gestionara-el-mantenimiento-de-las-zonas-verdes-de-torrefarrera\/\",\"url\":\"https:\/\/ilersis.org\/es\/ilersis-es\/la-brigada-de-jardineria-de-ilersis-gestionara-el-mantenimiento-de-las-zonas-verdes-de-torrefarrera\/\",\"name\":\"La brigada de jardiner\u00eda de Ilersis gestionar\u00e1 el mantenimiento de las zonas verdes de Torrefarrera - Ilersis\",\"isPartOf\":{\"@id\":\"https:\/\/ilersis.org\/es\/#website\"},\"primaryImageOfPage\":{\"@id\":\"https:\/\/ilersis.org\/es\/ilersis-es\/la-brigada-de-jardineria-de-ilersis-gestionara-el-mantenimiento-de-las-zonas-verdes-de-torrefarrera\/#primaryimage\"},\"image\":{\"@id\":\"https:\/\/ilersis.org\/es\/ilersis-es\/la-brigada-de-jardineria-de-ilersis-gestionara-el-mantenimiento-de-las-zonas-verdes-de-torrefarrera\/#primaryimage\"},\"thumbnailUrl\":\"https:\/\/ilersis.org\/wp-content\/uploads\/2025\/05\/20250507_jardineria_tf.jpeg\",\"datePublished\":\"2025-05-08T11:09:21+00:00\",\"dateModified\":\"2025-05-08T11:42:11+00:00\",\"description\":\"En la Fundaci\u00f3 Ilersis hemos formalizado el contrato con el Ayuntamiento de Torrefarrera para gestionar los servicios de jardiner\u00eda.\",\"breadcrumb\":{\"@id\":\"https:\/\/ilersis.org\/es\/ilersis-es\/la-brigada-de-jardineria-de-ilersis-gestionara-el-mantenimiento-de-las-zonas-verdes-de-torrefarrera\/#breadcrumb\"},\"inLanguage\":\"es\",\"potentialAction\":[{\"@type\":\"ReadAction\",\"target\":[\"https:\/\/ilersis.org\/es\/ilersis-es\/la-brigada-de-jardineria-de-ilersis-gestionara-el-mantenimiento-de-las-zonas-verdes-de-torrefarrera\/\"]}]},{\"@type\":\"ImageObject\",\"inLanguage\":\"es\",\"@id\":\"https:\/\/ilersis.org\/es\/ilersis-es\/la-brigada-de-jardineria-de-ilersis-gestionara-el-mantenimiento-de-las-zonas-verdes-de-torrefarrera\/#primaryimage\",\"url\":\"https:\/\/ilersis.org\/wp-content\/uploads\/2025\/05\/20250507_jardineria_tf.jpeg\",\"contentUrl\":\"https:\/\/ilersis.org\/wp-content\/uploads\/2025\/05\/20250507_jardineria_tf.jpeg\",\"width\":2048,\"height\":1153,\"caption\":\"Representants municipals de l'Ajuntament de Torrefarrera amb el gerent d\u2019Ilersis, Isaac Casanovas.\"},{\"@type\":\"BreadcrumbList\",\"@id\":\"https:\/\/ilersis.org\/es\/ilersis-es\/la-brigada-de-jardineria-de-ilersis-gestionara-el-mantenimiento-de-las-zonas-verdes-de-torrefarrera\/#breadcrumb\",\"itemListElement\":[{\"@type\":\"ListItem\",\"position\":1,\"name\":\"Hogar\",\"item\":\"https:\/\/ilersis.org\/es\/\"},{\"@type\":\"ListItem\",\"position\":2,\"name\":\"La brigada de jardiner\u00eda de Ilersis gestionar\u00e1 el mantenimiento de las zonas verdes de Torrefarrera\"}]},{\"@type\":\"WebSite\",\"@id\":\"https:\/\/ilersis.org\/es\/#website\",\"url\":\"https:\/\/ilersis.org\/es\/\",\"name\":\"Ilersis\",\"description\":\"Fundaci\u00f3n Ilersis\",\"publisher\":{\"@id\":\"https:\/\/ilersis.org\/es\/#organization\"},\"potentialAction\":[{\"@type\":\"SearchAction\",\"target\":{\"@type\":\"EntryPoint\",\"urlTemplate\":\"https:\/\/ilersis.org\/es\/?s={search_term_string}\"},\"query-input\":{\"@type\":\"PropertyValueSpecification\",\"valueRequired\":true,\"valueName\":\"search_term_string\"}}],\"inLanguage\":\"es\"},{\"@type\":\"Organization\",\"@id\":\"https:\/\/ilersis.org\/es\/#organization\",\"name\":\"Ilersis Fundaci\u00f3 Privada\",\"url\":\"https:\/\/ilersis.org\/es\/\",\"logo\":{\"@type\":\"ImageObject\",\"inLanguage\":\"es\",\"@id\":\"https:\/\/ilersis.org\/es\/#\/schema\/logo\/image\/\",\"url\":\"https:\/\/ilersis.org\/wp-content\/uploads\/2024\/10\/logo-ilersis-sin-fondo.png\",\"contentUrl\":\"https:\/\/ilersis.org\/wp-content\/uploads\/2024\/10\/logo-ilersis-sin-fondo.png\",\"width\":595,\"height\":197,\"caption\":\"Ilersis Fundaci\u00f3 Privada\"},\"image\":{\"@id\":\"https:\/\/ilersis.org\/es\/#\/schema\/logo\/image\/\"},\"sameAs\":[\"https:\/\/www.facebook.com\/fundacioIlersis\",\"https:\/\/x.com\/ILERSISfundacio\",\"https:\/\/www.linkedin.com\/company\/fundacioilersis\/\"]},{\"@type\":\"Person\",\"@id\":\"https:\/\/ilersis.org\/es\/#\/schema\/person\/83dad7a1744c08cc601e6c38ae993734\",\"name\":\"Laia Dolcet\",\"image\":{\"@type\":\"ImageObject\",\"inLanguage\":\"es\",\"@id\":\"https:\/\/ilersis.org\/es\/#\/schema\/person\/image\/\",\"url\":\"https:\/\/secure.gravatar.com\/avatar\/3070e77d44334ce5fade6c8b743117f22c1cecd86c741090b83e8fae856f764b?s=96&d=mm&r=g\",\"contentUrl\":\"https:\/\/secure.gravatar.com\/avatar\/3070e77d44334ce5fade6c8b743117f22c1cecd86c741090b83e8fae856f764b?s=96&d=mm&r=g\",\"caption\":\"Laia Dolcet\"},\"url\":\"https:\/\/ilersis.org\/es\/author\/laiadeparaula-com\/\"}]}<\/script>\n<!-- \/ Yoast SEO plugin. -->","yoast_head_json":{"title":"La brigada de jardiner\u00eda de Ilersis gestionar\u00e1 el mantenimiento de las zonas verdes de Torrefarrera - Ilersis","description":"En la Fundaci\u00f3 Ilersis hemos formalizado el contrato con el Ayuntamiento de Torrefarrera para gestionar los servicios de jardiner\u00eda.","robots":{"index":"index","follow":"follow","max-snippet":"max-snippet:-1","max-image-preview":"max-image-preview:large","max-video-preview":"max-video-preview:-1"},"canonical":"https:\/\/ilersis.org\/es\/ilersis-es\/la-brigada-de-jardineria-de-ilersis-gestionara-el-mantenimiento-de-las-zonas-verdes-de-torrefarrera\/","og_locale":"es_ES","og_type":"article","og_title":"La brigada de jardiner\u00eda de Ilersis gestionar\u00e1 el mantenimiento de las zonas verdes de Torrefarrera - Ilersis","og_description":"En la Fundaci\u00f3 Ilersis hemos formalizado el contrato con el Ayuntamiento de Torrefarrera para gestionar los servicios de jardiner\u00eda.","og_url":"https:\/\/ilersis.org\/es\/ilersis-es\/la-brigada-de-jardineria-de-ilersis-gestionara-el-mantenimiento-de-las-zonas-verdes-de-torrefarrera\/","og_site_name":"Ilersis","article_publisher":"https:\/\/www.facebook.com\/fundacioIlersis","article_published_time":"2025-05-08T11:09:21+00:00","article_modified_time":"2025-05-08T11:42:11+00:00","og_image":[{"width":2048,"height":1153,"url":"https:\/\/ilersis.org\/wp-content\/uploads\/2025\/05\/20250507_jardineria_tf.jpeg","type":"image\/jpeg"}],"author":"Laia Dolcet","twitter_card":"summary_large_image","twitter_creator":"@ILERSISfundacio","twitter_site":"@ILERSISfundacio","twitter_misc":{"Escrito por":"Laia Dolcet","Tiempo de lectura":"2 minutos"},"schema":{"@context":"https:\/\/schema.org","@graph":[{"@type":"Article","@id":"https:\/\/ilersis.org\/es\/ilersis-es\/la-brigada-de-jardineria-de-ilersis-gestionara-el-mantenimiento-de-las-zonas-verdes-de-torrefarrera\/#article","isPartOf":{"@id":"https:\/\/ilersis.org\/es\/ilersis-es\/la-brigada-de-jardineria-de-ilersis-gestionara-el-mantenimiento-de-las-zonas-verdes-de-torrefarrera\/"},"author":{"name":"Laia Dolcet","@id":"https:\/\/ilersis.org\/es\/#\/schema\/person\/83dad7a1744c08cc601e6c38ae993734"},"headline":"La brigada de jardiner\u00eda de Ilersis gestionar\u00e1 el mantenimiento de las zonas verdes de Torrefarrera","datePublished":"2025-05-08T11:09:21+00:00","dateModified":"2025-05-08T11:42:11+00:00","mainEntityOfPage":{"@id":"https:\/\/ilersis.org\/es\/ilersis-es\/la-brigada-de-jardineria-de-ilersis-gestionara-el-mantenimiento-de-las-zonas-verdes-de-torrefarrera\/"},"wordCount":320,"publisher":{"@id":"https:\/\/ilersis.org\/es\/#organization"},"image":{"@id":"https:\/\/ilersis.org\/es\/ilersis-es\/la-brigada-de-jardineria-de-ilersis-gestionara-el-mantenimiento-de-las-zonas-verdes-de-torrefarrera\/#primaryimage"},"thumbnailUrl":"https:\/\/ilersis.org\/wp-content\/uploads\/2025\/05\/20250507_jardineria_tf.jpeg","articleSection":["Ilersis","Jardineria y medio ambiente"],"inLanguage":"es"},{"@type":"WebPage","@id":"https:\/\/ilersis.org\/es\/ilersis-es\/la-brigada-de-jardineria-de-ilersis-gestionara-el-mantenimiento-de-las-zonas-verdes-de-torrefarrera\/","url":"https:\/\/ilersis.org\/es\/ilersis-es\/la-brigada-de-jardineria-de-ilersis-gestionara-el-mantenimiento-de-las-zonas-verdes-de-torrefarrera\/","name":"La brigada de jardiner\u00eda de Ilersis gestionar\u00e1 el mantenimiento de las zonas verdes de Torrefarrera - Ilersis","isPartOf":{"@id":"https:\/\/ilersis.org\/es\/#website"},"primaryImageOfPage":{"@id":"https:\/\/ilersis.org\/es\/ilersis-es\/la-brigada-de-jardineria-de-ilersis-gestionara-el-mantenimiento-de-las-zonas-verdes-de-torrefarrera\/#primaryimage"},"image":{"@id":"https:\/\/ilersis.org\/es\/ilersis-es\/la-brigada-de-jardineria-de-ilersis-gestionara-el-mantenimiento-de-las-zonas-verdes-de-torrefarrera\/#primaryimage"},"thumbnailUrl":"https:\/\/ilersis.org\/wp-content\/uploads\/2025\/05\/20250507_jardineria_tf.jpeg","datePublished":"2025-05-08T11:09:21+00:00","dateModified":"2025-05-08T11:42:11+00:00","description":"En la Fundaci\u00f3 Ilersis hemos formalizado el contrato con el Ayuntamiento de Torrefarrera para gestionar los servicios de jardiner\u00eda.","breadcrumb":{"@id":"https:\/\/ilersis.org\/es\/ilersis-es\/la-brigada-de-jardineria-de-ilersis-gestionara-el-mantenimiento-de-las-zonas-verdes-de-torrefarrera\/#breadcrumb"},"inLanguage":"es","potentialAction":[{"@type":"ReadAction","target":["https:\/\/ilersis.org\/es\/ilersis-es\/la-brigada-de-jardineria-de-ilersis-gestionara-el-mantenimiento-de-las-zonas-verdes-de-torrefarrera\/"]}]},{"@type":"ImageObject","inLanguage":"es","@id":"https:\/\/ilersis.org\/es\/ilersis-es\/la-brigada-de-jardineria-de-ilersis-gestionara-el-mantenimiento-de-las-zonas-verdes-de-torrefarrera\/#primaryimage","url":"https:\/\/ilersis.org\/wp-content\/uploads\/2025\/05\/20250507_jardineria_tf.jpeg","contentUrl":"https:\/\/ilersis.org\/wp-content\/uploads\/2025\/05\/20250507_jardineria_tf.jpeg","width":2048,"height":1153,"caption":"Representants municipals de l'Ajuntament de Torrefarrera amb el gerent d\u2019Ilersis, Isaac Casanovas."},{"@type":"BreadcrumbList","@id":"https:\/\/ilersis.org\/es\/ilersis-es\/la-brigada-de-jardineria-de-ilersis-gestionara-el-mantenimiento-de-las-zonas-verdes-de-torrefarrera\/#breadcrumb","itemListElement":[{"@type":"ListItem","position":1,"name":"Hogar","item":"https:\/\/ilersis.org\/es\/"},{"@type":"ListItem","position":2,"name":"La brigada de jardiner\u00eda de Ilersis gestionar\u00e1 el mantenimiento de las zonas verdes de Torrefarrera"}]},{"@type":"WebSite","@id":"https:\/\/ilersis.org\/es\/#website","url":"https:\/\/ilersis.org\/es\/","name":"Ilersis","description":"Fundaci\u00f3n Ilersis","publisher":{"@id":"https:\/\/ilersis.org\/es\/#organization"},"potentialAction":[{"@type":"SearchAction","target":{"@type":"EntryPoint","urlTemplate":"https:\/\/ilersis.org\/es\/?s={search_term_string}"},"query-input":{"@type":"PropertyValueSpecification","valueRequired":true,"valueName":"search_term_string"}}],"inLanguage":"es"},{"@type":"Organization","@id":"https:\/\/ilersis.org\/es\/#organization","name":"Ilersis Fundaci\u00f3 Privada","url":"https:\/\/ilersis.org\/es\/","logo":{"@type":"ImageObject","inLanguage":"es","@id":"https:\/\/ilersis.org\/es\/#\/schema\/logo\/image\/","url":"https:\/\/ilersis.org\/wp-content\/uploads\/2024\/10\/logo-ilersis-sin-fondo.png","contentUrl":"https:\/\/ilersis.org\/wp-content\/uploads\/2024\/10\/logo-ilersis-sin-fondo.png","width":595,"height":197,"caption":"Ilersis Fundaci\u00f3 Privada"},"image":{"@id":"https:\/\/ilersis.org\/es\/#\/schema\/logo\/image\/"},"sameAs":["https:\/\/www.facebook.com\/fundacioIlersis","https:\/\/x.com\/ILERSISfundacio","https:\/\/www.linkedin.com\/company\/fundacioilersis\/"]},{"@type":"Person","@id":"https:\/\/ilersis.org\/es\/#\/schema\/person\/83dad7a1744c08cc601e6c38ae993734","name":"Laia Dolcet","image":{"@type":"ImageObject","inLanguage":"es","@id":"https:\/\/ilersis.org\/es\/#\/schema\/person\/image\/","url":"https:\/\/secure.gravatar.com\/avatar\/3070e77d44334ce5fade6c8b743117f22c1cecd86c741090b83e8fae856f764b?s=96&d=mm&r=g","contentUrl":"https:\/\/secure.gravatar.com\/avatar\/3070e77d44334ce5fade6c8b743117f22c1cecd86c741090b83e8fae856f764b?s=96&d=mm&r=g","caption":"Laia Dolcet"},"url":"https:\/\/ilersis.org\/es\/author\/laiadeparaula-com\/"}]}},"_links":{"self":[{"href":"https:\/\/ilersis.org\/es\/wp-json\/wp\/v2\/posts\/21219","targetHints":{"allow":["GET"]}}],"collection":[{"href":"https:\/\/ilersis.org\/es\/wp-json\/wp\/v2\/posts"}],"about":[{"href":"https:\/\/ilersis.org\/es\/wp-json\/wp\/v2\/types\/post"}],"author":[{"embeddable":true,"href":"https:\/\/ilersis.org\/es\/wp-json\/wp\/v2\/users\/3"}],"replies":[{"embeddable":true,"href":"https:\/\/ilersis.org\/es\/wp-json\/wp\/v2\/comments?post=21219"}],"version-history":[{"count":1,"href":"https:\/\/ilersis.org\/es\/wp-json\/wp\/v2\/posts\/21219\/revisions"}],"predecessor-version":[{"id":21220,"href":"https:\/\/ilersis.org\/es\/wp-json\/wp\/v2\/posts\/21219\/revisions\/21220"}],"wp:featuredmedia":[{"embeddable":true,"href":"https:\/\/ilersis.org\/es\/wp-json\/wp\/v2\/media\/21211"}],"wp:attachment":[{"href":"https:\/\/ilersis.org\/es\/wp-json\/wp\/v2\/media?parent=21219"}],"wp:term":[{"taxonomy":"category","embeddable":true,"href":"https:\/\/ilersis.org\/es\/wp-json\/wp\/v2\/categories?post=21219"},{"taxonomy":"post_tag","embeddable":true,"href":"https:\/\/ilersis.org\/es\/wp-json\/wp\/v2\/tags?post=21219"}],"curies":[{"name":"wp","href":"https:\/\/api.w.org\/{rel}","templated":true}]}}