{"id":20331,"date":"2025-03-14T14:05:57","date_gmt":"2025-03-14T12:05:57","guid":{"rendered":"https:\/\/ilersis.org\/sin-categoria\/cimer-inaugura-el-primer-living-lab-en-artesa-de-segre-para-impulsar-comunidades-rurales-inclusivas\/"},"modified":"2025-03-18T14:54:59","modified_gmt":"2025-03-18T12:54:59","slug":"cimer-inaugura-el-primer-living-lab-en-artesa-de-segre-para-impulsar-comunidades-rurales-inclusivas","status":"publish","type":"post","link":"https:\/\/ilersis.org\/es\/atencion-a-las-personas-con-discapacidad\/cimer-inaugura-el-primer-living-lab-en-artesa-de-segre-para-impulsar-comunidades-rurales-inclusivas\/","title":{"rendered":"CIMER inaugura el primer Living Lab en Artesa de Segre para impulsar comunidades rurales inclusivas"},"content":{"rendered":"\n<p><strong>La Fundaci\u00f3n Ilersis, en el marco del proyecto <a href=\"https:\/\/cimerinclusion.eu\/\">CIMER<\/a> (<em>Comunidades Inclusivas en Monta\u00f1as y Entornos Rurales<\/em>), inaugur\u00f3, el jueves 13 de marzo, el primer Living Lab en Artesa de Segre. El evento, celebrado en el Edificio Centro de Entidades, reuni\u00f3 a profesionales, entidades y ciudadanos con el objetivo de dise\u00f1ar soluciones innovadoras para mejorar la autonom\u00eda de personas con discapacidad, dependencia, edad avanzada o en situaci\u00f3n de fragilidad en entornos rurales y de monta\u00f1a. <\/strong><\/p>\n\n\n\n<div style=\"height:30px\" aria-hidden=\"true\" class=\"wp-block-spacer\"><\/div>\n\n\n\n<h2 class=\"wp-block-heading\"><strong>Un proyecto transfronterizo para la inclusi\u00f3n<\/strong><\/h2>\n\n\n\n<p>CIMER es una iniciativa pionera impulsada por ocho entidades del Pirineo catal\u00e1n, andorrano y franc\u00e9s, que trabajan conjuntamente para promover comunidades m\u00e1s inclusivas en zonas rurales y de monta\u00f1a. El proyecto se basa en crear <strong>acciones participativas, de sensibilizaci\u00f3n y de formaci\u00f3n<\/strong>, con el objetivo de mejorar la calidad de vida de las personas m\u00e1s vulnerables. <\/p>\n\n\n\n<div style=\"height:30px\" aria-hidden=\"true\" class=\"wp-block-spacer\"><\/div>\n\n\n\n<h2 class=\"wp-block-heading\"><strong>Acciones clave del proyecto CIMER<\/strong><\/h2>\n\n\n\n<p>El Living Lab de Artesa de Segre es el primero de una serie de ocho encuentros similares que se llevar\u00e1n a cabo en diferentes municipios. Adem\u00e1s, el proyecto contempla diversas acciones estrat\u00e9gicas, entre las que destacan: <\/p>\n\n\n\n<ul class=\"wp-block-list\">\n<li><strong>Dinamizaci\u00f3n de 8 Living Labs<\/strong> para conocer de primera mano las necesidades de las personas vulnerables.<\/li>\n\n\n\n<li><strong>Creaci\u00f3n de la Escuela de Vida Independiente<\/strong>, que ofrecer\u00e1 formaci\u00f3n para personas mayores, con discapacidad o en situaci\u00f3n de fragilidad, as\u00ed como capacitaci\u00f3n para profesionales y voluntarios.<\/li>\n\n\n\n<li><strong>Prueba piloto de un sistema de soporte con tecnolog\u00eda<\/strong>, con la instalaci\u00f3n de sensores en viviendas para ayudar a personas mayores o con discapacidad.<\/li>\n\n\n\n<li><strong>Centro M\u00f3vil de Apoyo Familiar<\/strong>, un autob\u00fas itinerante con servicios sociales para llegar a poblaciones alejadas.<\/li>\n\n\n\n<li><strong>Colaboraci\u00f3n en la creaci\u00f3n de un Centro de Recursos Territorial (CRT) en Toulouse<\/strong>, para apoyar a los profesionales sanitarios y sociales.<\/li>\n\n\n\n<li><strong>Mentor\u00eda social en comunidades pirenaicas<\/strong>, con la formaci\u00f3n de personas con experiencia en vida independiente para que asesoren a otras personas en situaci\u00f3n de vulnerabilidad.<\/li>\n\n\n\n<li><strong>Creaci\u00f3n de la Asociaci\u00f3n de Pueblos de Monta\u00f1a por la Vida Independiente<\/strong>, para garantizar la continuidad del proyecto m\u00e1s all\u00e1 de su fase piloto.<\/li>\n\n\n\n<li>Estas iniciativas se desplegar\u00e1n progresivamente hasta junio de 2027, con Artesa de Segre y Jaca como <strong>localidades piloto<\/strong>.<\/li>\n<\/ul>\n\n\n\n<div style=\"height:30px\" aria-hidden=\"true\" class=\"wp-block-spacer\"><\/div>\n\n\n\n<h2 class=\"wp-block-heading\"><strong>Sobre el proyecto CIMER<\/strong><\/h2>\n\n\n\n<p><a href=\"http:\/\/www.cimerinclusion.eu\" target=\"_blank\" rel=\"noreferrer noopener\">CIMER<\/a> es un proyecto transfronterizo cofinanciado en un 65% por <strong>el Fondo Europeo de Desarrollo Regional (FEDER)<\/strong> , dentro del programa <strong>Interreg VA Espa\u00f1a-Francia-Andorra (POCTEFA 2021-2027)<\/strong>. Su objetivo es <strong>reforzar la integraci\u00f3n econ\u00f3mica y social de la zona fronteriza<\/strong> e impulsar el desarrollo sostenible mediante iniciativas conjuntas en los \u00e1mbitos econ\u00f3mico, social y medioambiental. <\/p>\n\n\n\n<p><\/p>\n","protected":false},"excerpt":{"rendered":"<p>La Fundaci\u00f3n Ilersis, en el marco del proyecto CIMER (Comunidades Inclusivas en Monta\u00f1as y Entornos Rurales), inaugur\u00f3, el jueves 13 de marzo, el primer Living Lab en Artesa de Segre. El evento, celebrado en el Edificio Centro de Entidades, reuni\u00f3 a profesionales, entidades y ciudadanos con el objetivo de dise\u00f1ar soluciones innovadoras para mejorar la [&hellip;]<\/p>\n","protected":false},"author":3,"featured_media":20320,"comment_status":"closed","ping_status":"open","sticky":false,"template":"","format":"standard","meta":{"footnotes":""},"categories":[96],"tags":[],"class_list":["post-20331","post","type-post","status-publish","format-standard","has-post-thumbnail","hentry","category-atencion-a-las-personas-con-discapacidad"],"yoast_head":"<!-- This site is optimized with the Yoast SEO plugin v27.0 - https:\/\/yoast.com\/product\/yoast-seo-wordpress\/ -->\n<title>CIMER inaugura el primer Living Lab en Artesa de Segre para impulsar comunidades rurales inclusivas - Ilersis<\/title>\n<meta name=\"description\" content=\"En el marco del proyecto CIMER, Ilersis ha inaugurado el primer Living Lab en Artesa de Segre para impulsar comunidades rurales m\u00e1s inclusivas.\" \/>\n<meta name=\"robots\" content=\"index, follow, max-snippet:-1, max-image-preview:large, max-video-preview:-1\" \/>\n<link rel=\"canonical\" href=\"https:\/\/ilersis.org\/es\/atencion-a-las-personas-con-discapacidad\/cimer-inaugura-el-primer-living-lab-en-artesa-de-segre-para-impulsar-comunidades-rurales-inclusivas\/\" \/>\n<meta property=\"og:locale\" content=\"es_ES\" \/>\n<meta property=\"og:type\" content=\"article\" \/>\n<meta property=\"og:title\" content=\"CIMER inaugura el primer Living Lab en Artesa de Segre para impulsar comunidades rurales inclusivas - Ilersis\" \/>\n<meta property=\"og:description\" content=\"En el marco del proyecto CIMER, Ilersis ha inaugurado el primer Living Lab en Artesa de Segre para impulsar comunidades rurales m\u00e1s inclusivas.\" \/>\n<meta property=\"og:url\" content=\"https:\/\/ilersis.org\/es\/atencion-a-las-personas-con-discapacidad\/cimer-inaugura-el-primer-living-lab-en-artesa-de-segre-para-impulsar-comunidades-rurales-inclusivas\/\" \/>\n<meta property=\"og:site_name\" content=\"Ilersis\" \/>\n<meta property=\"article:publisher\" content=\"https:\/\/www.facebook.com\/fundacioIlersis\" \/>\n<meta property=\"article:published_time\" content=\"2025-03-14T12:05:57+00:00\" \/>\n<meta property=\"article:modified_time\" content=\"2025-03-18T12:54:59+00:00\" \/>\n<meta property=\"og:image\" content=\"https:\/\/ilersis.org\/wp-content\/uploads\/2025\/03\/DSC02950-scaled-e1742299509590.jpg\" \/>\n\t<meta property=\"og:image:width\" content=\"2560\" \/>\n\t<meta property=\"og:image:height\" content=\"1701\" \/>\n\t<meta property=\"og:image:type\" content=\"image\/jpeg\" \/>\n<meta name=\"author\" content=\"Laia Dolcet\" \/>\n<meta name=\"twitter:card\" content=\"summary_large_image\" \/>\n<meta name=\"twitter:creator\" content=\"@ILERSISfundacio\" \/>\n<meta name=\"twitter:site\" content=\"@ILERSISfundacio\" \/>\n<meta name=\"twitter:label1\" content=\"Escrito por\" \/>\n\t<meta name=\"twitter:data1\" content=\"Laia Dolcet\" \/>\n\t<meta name=\"twitter:label2\" content=\"Tiempo de lectura\" \/>\n\t<meta name=\"twitter:data2\" content=\"3 minutos\" \/>\n<script type=\"application\/ld+json\" class=\"yoast-schema-graph\">{\"@context\":\"https:\/\/schema.org\",\"@graph\":[{\"@type\":\"Article\",\"@id\":\"https:\/\/ilersis.org\/es\/atencion-a-las-personas-con-discapacidad\/cimer-inaugura-el-primer-living-lab-en-artesa-de-segre-para-impulsar-comunidades-rurales-inclusivas\/#article\",\"isPartOf\":{\"@id\":\"https:\/\/ilersis.org\/es\/atencion-a-las-personas-con-discapacidad\/cimer-inaugura-el-primer-living-lab-en-artesa-de-segre-para-impulsar-comunidades-rurales-inclusivas\/\"},\"author\":{\"name\":\"Laia Dolcet\",\"@id\":\"https:\/\/ilersis.org\/es\/#\/schema\/person\/83dad7a1744c08cc601e6c38ae993734\"},\"headline\":\"CIMER inaugura el primer Living Lab en Artesa de Segre para impulsar comunidades rurales inclusivas\",\"datePublished\":\"2025-03-14T12:05:57+00:00\",\"dateModified\":\"2025-03-18T12:54:59+00:00\",\"mainEntityOfPage\":{\"@id\":\"https:\/\/ilersis.org\/es\/atencion-a-las-personas-con-discapacidad\/cimer-inaugura-el-primer-living-lab-en-artesa-de-segre-para-impulsar-comunidades-rurales-inclusivas\/\"},\"wordCount\":456,\"publisher\":{\"@id\":\"https:\/\/ilersis.org\/es\/#organization\"},\"image\":{\"@id\":\"https:\/\/ilersis.org\/es\/atencion-a-las-personas-con-discapacidad\/cimer-inaugura-el-primer-living-lab-en-artesa-de-segre-para-impulsar-comunidades-rurales-inclusivas\/#primaryimage\"},\"thumbnailUrl\":\"https:\/\/ilersis.org\/wp-content\/uploads\/2025\/03\/DSC02950-scaled-e1742299509590.jpg\",\"articleSection\":[\"Atenci\u00f3n a las personas con discapacidad\"],\"inLanguage\":\"es\"},{\"@type\":\"WebPage\",\"@id\":\"https:\/\/ilersis.org\/es\/atencion-a-las-personas-con-discapacidad\/cimer-inaugura-el-primer-living-lab-en-artesa-de-segre-para-impulsar-comunidades-rurales-inclusivas\/\",\"url\":\"https:\/\/ilersis.org\/es\/atencion-a-las-personas-con-discapacidad\/cimer-inaugura-el-primer-living-lab-en-artesa-de-segre-para-impulsar-comunidades-rurales-inclusivas\/\",\"name\":\"CIMER inaugura el primer Living Lab en Artesa de Segre para impulsar comunidades rurales inclusivas - Ilersis\",\"isPartOf\":{\"@id\":\"https:\/\/ilersis.org\/es\/#website\"},\"primaryImageOfPage\":{\"@id\":\"https:\/\/ilersis.org\/es\/atencion-a-las-personas-con-discapacidad\/cimer-inaugura-el-primer-living-lab-en-artesa-de-segre-para-impulsar-comunidades-rurales-inclusivas\/#primaryimage\"},\"image\":{\"@id\":\"https:\/\/ilersis.org\/es\/atencion-a-las-personas-con-discapacidad\/cimer-inaugura-el-primer-living-lab-en-artesa-de-segre-para-impulsar-comunidades-rurales-inclusivas\/#primaryimage\"},\"thumbnailUrl\":\"https:\/\/ilersis.org\/wp-content\/uploads\/2025\/03\/DSC02950-scaled-e1742299509590.jpg\",\"datePublished\":\"2025-03-14T12:05:57+00:00\",\"dateModified\":\"2025-03-18T12:54:59+00:00\",\"description\":\"En el marco del proyecto CIMER, Ilersis ha inaugurado el primer Living Lab en Artesa de Segre para impulsar comunidades rurales m\u00e1s inclusivas.\",\"breadcrumb\":{\"@id\":\"https:\/\/ilersis.org\/es\/atencion-a-las-personas-con-discapacidad\/cimer-inaugura-el-primer-living-lab-en-artesa-de-segre-para-impulsar-comunidades-rurales-inclusivas\/#breadcrumb\"},\"inLanguage\":\"es\",\"potentialAction\":[{\"@type\":\"ReadAction\",\"target\":[\"https:\/\/ilersis.org\/es\/atencion-a-las-personas-con-discapacidad\/cimer-inaugura-el-primer-living-lab-en-artesa-de-segre-para-impulsar-comunidades-rurales-inclusivas\/\"]}]},{\"@type\":\"ImageObject\",\"inLanguage\":\"es\",\"@id\":\"https:\/\/ilersis.org\/es\/atencion-a-las-personas-con-discapacidad\/cimer-inaugura-el-primer-living-lab-en-artesa-de-segre-para-impulsar-comunidades-rurales-inclusivas\/#primaryimage\",\"url\":\"https:\/\/ilersis.org\/wp-content\/uploads\/2025\/03\/DSC02950-scaled-e1742299509590.jpg\",\"contentUrl\":\"https:\/\/ilersis.org\/wp-content\/uploads\/2025\/03\/DSC02950-scaled-e1742299509590.jpg\",\"width\":2560,\"height\":1701,\"caption\":\"Living Lab a Artesa de Segre\"},{\"@type\":\"BreadcrumbList\",\"@id\":\"https:\/\/ilersis.org\/es\/atencion-a-las-personas-con-discapacidad\/cimer-inaugura-el-primer-living-lab-en-artesa-de-segre-para-impulsar-comunidades-rurales-inclusivas\/#breadcrumb\",\"itemListElement\":[{\"@type\":\"ListItem\",\"position\":1,\"name\":\"Hogar\",\"item\":\"https:\/\/ilersis.org\/es\/\"},{\"@type\":\"ListItem\",\"position\":2,\"name\":\"CIMER inaugura el primer Living Lab en Artesa de Segre para impulsar comunidades rurales inclusivas\"}]},{\"@type\":\"WebSite\",\"@id\":\"https:\/\/ilersis.org\/es\/#website\",\"url\":\"https:\/\/ilersis.org\/es\/\",\"name\":\"Ilersis\",\"description\":\"Fundaci\u00f3n Ilersis\",\"publisher\":{\"@id\":\"https:\/\/ilersis.org\/es\/#organization\"},\"potentialAction\":[{\"@type\":\"SearchAction\",\"target\":{\"@type\":\"EntryPoint\",\"urlTemplate\":\"https:\/\/ilersis.org\/es\/?s={search_term_string}\"},\"query-input\":{\"@type\":\"PropertyValueSpecification\",\"valueRequired\":true,\"valueName\":\"search_term_string\"}}],\"inLanguage\":\"es\"},{\"@type\":\"Organization\",\"@id\":\"https:\/\/ilersis.org\/es\/#organization\",\"name\":\"Ilersis Fundaci\u00f3 Privada\",\"url\":\"https:\/\/ilersis.org\/es\/\",\"logo\":{\"@type\":\"ImageObject\",\"inLanguage\":\"es\",\"@id\":\"https:\/\/ilersis.org\/es\/#\/schema\/logo\/image\/\",\"url\":\"https:\/\/ilersis.org\/wp-content\/uploads\/2024\/10\/logo-ilersis-sin-fondo.png\",\"contentUrl\":\"https:\/\/ilersis.org\/wp-content\/uploads\/2024\/10\/logo-ilersis-sin-fondo.png\",\"width\":595,\"height\":197,\"caption\":\"Ilersis Fundaci\u00f3 Privada\"},\"image\":{\"@id\":\"https:\/\/ilersis.org\/es\/#\/schema\/logo\/image\/\"},\"sameAs\":[\"https:\/\/www.facebook.com\/fundacioIlersis\",\"https:\/\/x.com\/ILERSISfundacio\",\"https:\/\/www.linkedin.com\/company\/fundacioilersis\/\"]},{\"@type\":\"Person\",\"@id\":\"https:\/\/ilersis.org\/es\/#\/schema\/person\/83dad7a1744c08cc601e6c38ae993734\",\"name\":\"Laia Dolcet\",\"image\":{\"@type\":\"ImageObject\",\"inLanguage\":\"es\",\"@id\":\"https:\/\/ilersis.org\/es\/#\/schema\/person\/image\/\",\"url\":\"https:\/\/secure.gravatar.com\/avatar\/3070e77d44334ce5fade6c8b743117f22c1cecd86c741090b83e8fae856f764b?s=96&d=mm&r=g\",\"contentUrl\":\"https:\/\/secure.gravatar.com\/avatar\/3070e77d44334ce5fade6c8b743117f22c1cecd86c741090b83e8fae856f764b?s=96&d=mm&r=g\",\"caption\":\"Laia Dolcet\"},\"url\":\"https:\/\/ilersis.org\/es\/author\/laiadeparaula-com\/\"}]}<\/script>\n<!-- \/ Yoast SEO plugin. -->","yoast_head_json":{"title":"CIMER inaugura el primer Living Lab en Artesa de Segre para impulsar comunidades rurales inclusivas - Ilersis","description":"En el marco del proyecto CIMER, Ilersis ha inaugurado el primer Living Lab en Artesa de Segre para impulsar comunidades rurales m\u00e1s inclusivas.","robots":{"index":"index","follow":"follow","max-snippet":"max-snippet:-1","max-image-preview":"max-image-preview:large","max-video-preview":"max-video-preview:-1"},"canonical":"https:\/\/ilersis.org\/es\/atencion-a-las-personas-con-discapacidad\/cimer-inaugura-el-primer-living-lab-en-artesa-de-segre-para-impulsar-comunidades-rurales-inclusivas\/","og_locale":"es_ES","og_type":"article","og_title":"CIMER inaugura el primer Living Lab en Artesa de Segre para impulsar comunidades rurales inclusivas - Ilersis","og_description":"En el marco del proyecto CIMER, Ilersis ha inaugurado el primer Living Lab en Artesa de Segre para impulsar comunidades rurales m\u00e1s inclusivas.","og_url":"https:\/\/ilersis.org\/es\/atencion-a-las-personas-con-discapacidad\/cimer-inaugura-el-primer-living-lab-en-artesa-de-segre-para-impulsar-comunidades-rurales-inclusivas\/","og_site_name":"Ilersis","article_publisher":"https:\/\/www.facebook.com\/fundacioIlersis","article_published_time":"2025-03-14T12:05:57+00:00","article_modified_time":"2025-03-18T12:54:59+00:00","og_image":[{"width":2560,"height":1701,"url":"https:\/\/ilersis.org\/wp-content\/uploads\/2025\/03\/DSC02950-scaled-e1742299509590.jpg","type":"image\/jpeg"}],"author":"Laia Dolcet","twitter_card":"summary_large_image","twitter_creator":"@ILERSISfundacio","twitter_site":"@ILERSISfundacio","twitter_misc":{"Escrito por":"Laia Dolcet","Tiempo de lectura":"3 minutos"},"schema":{"@context":"https:\/\/schema.org","@graph":[{"@type":"Article","@id":"https:\/\/ilersis.org\/es\/atencion-a-las-personas-con-discapacidad\/cimer-inaugura-el-primer-living-lab-en-artesa-de-segre-para-impulsar-comunidades-rurales-inclusivas\/#article","isPartOf":{"@id":"https:\/\/ilersis.org\/es\/atencion-a-las-personas-con-discapacidad\/cimer-inaugura-el-primer-living-lab-en-artesa-de-segre-para-impulsar-comunidades-rurales-inclusivas\/"},"author":{"name":"Laia Dolcet","@id":"https:\/\/ilersis.org\/es\/#\/schema\/person\/83dad7a1744c08cc601e6c38ae993734"},"headline":"CIMER inaugura el primer Living Lab en Artesa de Segre para impulsar comunidades rurales inclusivas","datePublished":"2025-03-14T12:05:57+00:00","dateModified":"2025-03-18T12:54:59+00:00","mainEntityOfPage":{"@id":"https:\/\/ilersis.org\/es\/atencion-a-las-personas-con-discapacidad\/cimer-inaugura-el-primer-living-lab-en-artesa-de-segre-para-impulsar-comunidades-rurales-inclusivas\/"},"wordCount":456,"publisher":{"@id":"https:\/\/ilersis.org\/es\/#organization"},"image":{"@id":"https:\/\/ilersis.org\/es\/atencion-a-las-personas-con-discapacidad\/cimer-inaugura-el-primer-living-lab-en-artesa-de-segre-para-impulsar-comunidades-rurales-inclusivas\/#primaryimage"},"thumbnailUrl":"https:\/\/ilersis.org\/wp-content\/uploads\/2025\/03\/DSC02950-scaled-e1742299509590.jpg","articleSection":["Atenci\u00f3n a las personas con discapacidad"],"inLanguage":"es"},{"@type":"WebPage","@id":"https:\/\/ilersis.org\/es\/atencion-a-las-personas-con-discapacidad\/cimer-inaugura-el-primer-living-lab-en-artesa-de-segre-para-impulsar-comunidades-rurales-inclusivas\/","url":"https:\/\/ilersis.org\/es\/atencion-a-las-personas-con-discapacidad\/cimer-inaugura-el-primer-living-lab-en-artesa-de-segre-para-impulsar-comunidades-rurales-inclusivas\/","name":"CIMER inaugura el primer Living Lab en Artesa de Segre para impulsar comunidades rurales inclusivas - Ilersis","isPartOf":{"@id":"https:\/\/ilersis.org\/es\/#website"},"primaryImageOfPage":{"@id":"https:\/\/ilersis.org\/es\/atencion-a-las-personas-con-discapacidad\/cimer-inaugura-el-primer-living-lab-en-artesa-de-segre-para-impulsar-comunidades-rurales-inclusivas\/#primaryimage"},"image":{"@id":"https:\/\/ilersis.org\/es\/atencion-a-las-personas-con-discapacidad\/cimer-inaugura-el-primer-living-lab-en-artesa-de-segre-para-impulsar-comunidades-rurales-inclusivas\/#primaryimage"},"thumbnailUrl":"https:\/\/ilersis.org\/wp-content\/uploads\/2025\/03\/DSC02950-scaled-e1742299509590.jpg","datePublished":"2025-03-14T12:05:57+00:00","dateModified":"2025-03-18T12:54:59+00:00","description":"En el marco del proyecto CIMER, Ilersis ha inaugurado el primer Living Lab en Artesa de Segre para impulsar comunidades rurales m\u00e1s inclusivas.","breadcrumb":{"@id":"https:\/\/ilersis.org\/es\/atencion-a-las-personas-con-discapacidad\/cimer-inaugura-el-primer-living-lab-en-artesa-de-segre-para-impulsar-comunidades-rurales-inclusivas\/#breadcrumb"},"inLanguage":"es","potentialAction":[{"@type":"ReadAction","target":["https:\/\/ilersis.org\/es\/atencion-a-las-personas-con-discapacidad\/cimer-inaugura-el-primer-living-lab-en-artesa-de-segre-para-impulsar-comunidades-rurales-inclusivas\/"]}]},{"@type":"ImageObject","inLanguage":"es","@id":"https:\/\/ilersis.org\/es\/atencion-a-las-personas-con-discapacidad\/cimer-inaugura-el-primer-living-lab-en-artesa-de-segre-para-impulsar-comunidades-rurales-inclusivas\/#primaryimage","url":"https:\/\/ilersis.org\/wp-content\/uploads\/2025\/03\/DSC02950-scaled-e1742299509590.jpg","contentUrl":"https:\/\/ilersis.org\/wp-content\/uploads\/2025\/03\/DSC02950-scaled-e1742299509590.jpg","width":2560,"height":1701,"caption":"Living Lab a Artesa de Segre"},{"@type":"BreadcrumbList","@id":"https:\/\/ilersis.org\/es\/atencion-a-las-personas-con-discapacidad\/cimer-inaugura-el-primer-living-lab-en-artesa-de-segre-para-impulsar-comunidades-rurales-inclusivas\/#breadcrumb","itemListElement":[{"@type":"ListItem","position":1,"name":"Hogar","item":"https:\/\/ilersis.org\/es\/"},{"@type":"ListItem","position":2,"name":"CIMER inaugura el primer Living Lab en Artesa de Segre para impulsar comunidades rurales inclusivas"}]},{"@type":"WebSite","@id":"https:\/\/ilersis.org\/es\/#website","url":"https:\/\/ilersis.org\/es\/","name":"Ilersis","description":"Fundaci\u00f3n Ilersis","publisher":{"@id":"https:\/\/ilersis.org\/es\/#organization"},"potentialAction":[{"@type":"SearchAction","target":{"@type":"EntryPoint","urlTemplate":"https:\/\/ilersis.org\/es\/?s={search_term_string}"},"query-input":{"@type":"PropertyValueSpecification","valueRequired":true,"valueName":"search_term_string"}}],"inLanguage":"es"},{"@type":"Organization","@id":"https:\/\/ilersis.org\/es\/#organization","name":"Ilersis Fundaci\u00f3 Privada","url":"https:\/\/ilersis.org\/es\/","logo":{"@type":"ImageObject","inLanguage":"es","@id":"https:\/\/ilersis.org\/es\/#\/schema\/logo\/image\/","url":"https:\/\/ilersis.org\/wp-content\/uploads\/2024\/10\/logo-ilersis-sin-fondo.png","contentUrl":"https:\/\/ilersis.org\/wp-content\/uploads\/2024\/10\/logo-ilersis-sin-fondo.png","width":595,"height":197,"caption":"Ilersis Fundaci\u00f3 Privada"},"image":{"@id":"https:\/\/ilersis.org\/es\/#\/schema\/logo\/image\/"},"sameAs":["https:\/\/www.facebook.com\/fundacioIlersis","https:\/\/x.com\/ILERSISfundacio","https:\/\/www.linkedin.com\/company\/fundacioilersis\/"]},{"@type":"Person","@id":"https:\/\/ilersis.org\/es\/#\/schema\/person\/83dad7a1744c08cc601e6c38ae993734","name":"Laia Dolcet","image":{"@type":"ImageObject","inLanguage":"es","@id":"https:\/\/ilersis.org\/es\/#\/schema\/person\/image\/","url":"https:\/\/secure.gravatar.com\/avatar\/3070e77d44334ce5fade6c8b743117f22c1cecd86c741090b83e8fae856f764b?s=96&d=mm&r=g","contentUrl":"https:\/\/secure.gravatar.com\/avatar\/3070e77d44334ce5fade6c8b743117f22c1cecd86c741090b83e8fae856f764b?s=96&d=mm&r=g","caption":"Laia Dolcet"},"url":"https:\/\/ilersis.org\/es\/author\/laiadeparaula-com\/"}]}},"_links":{"self":[{"href":"https:\/\/ilersis.org\/es\/wp-json\/wp\/v2\/posts\/20331","targetHints":{"allow":["GET"]}}],"collection":[{"href":"https:\/\/ilersis.org\/es\/wp-json\/wp\/v2\/posts"}],"about":[{"href":"https:\/\/ilersis.org\/es\/wp-json\/wp\/v2\/types\/post"}],"author":[{"embeddable":true,"href":"https:\/\/ilersis.org\/es\/wp-json\/wp\/v2\/users\/3"}],"replies":[{"embeddable":true,"href":"https:\/\/ilersis.org\/es\/wp-json\/wp\/v2\/comments?post=20331"}],"version-history":[{"count":2,"href":"https:\/\/ilersis.org\/es\/wp-json\/wp\/v2\/posts\/20331\/revisions"}],"predecessor-version":[{"id":20333,"href":"https:\/\/ilersis.org\/es\/wp-json\/wp\/v2\/posts\/20331\/revisions\/20333"}],"wp:featuredmedia":[{"embeddable":true,"href":"https:\/\/ilersis.org\/es\/wp-json\/wp\/v2\/media\/20320"}],"wp:attachment":[{"href":"https:\/\/ilersis.org\/es\/wp-json\/wp\/v2\/media?parent=20331"}],"wp:term":[{"taxonomy":"category","embeddable":true,"href":"https:\/\/ilersis.org\/es\/wp-json\/wp\/v2\/categories?post=20331"},{"taxonomy":"post_tag","embeddable":true,"href":"https:\/\/ilersis.org\/es\/wp-json\/wp\/v2\/tags?post=20331"}],"curies":[{"name":"wp","href":"https:\/\/api.w.org\/{rel}","templated":true}]}}