{"id":20299,"date":"2025-03-11T16:04:08","date_gmt":"2025-03-11T14:04:08","guid":{"rendered":"https:\/\/ilersis.org\/sin-categoria\/incidencia-de-seguridad-comunicado-ilersis\/"},"modified":"2025-03-11T16:38:49","modified_gmt":"2025-03-11T14:38:49","slug":"incidencia-de-seguridad-comunicado-ilersis","status":"publish","type":"post","link":"https:\/\/ilersis.org\/es\/ilersis-es\/incidencia-de-seguridad-comunicado-ilersis\/","title":{"rendered":"Incidencia de seguridad: comunicado Ilersis"},"content":{"rendered":"\t\t<div data-elementor-type=\"wp-post\" data-elementor-id=\"20299\" class=\"elementor elementor-20299 elementor-20257\" data-elementor-post-type=\"post\">\n\t\t\t\t<div class=\"elementor-element elementor-element-4d33edf e-flex e-con-boxed e-con e-parent\" data-id=\"4d33edf\" data-element_type=\"container\" data-settings=\"{&quot;jet_parallax_layout_list&quot;:[]}\">\n\t\t\t\t\t<div class=\"e-con-inner\">\n\t\t\t\t<div class=\"elementor-element elementor-element-631b2eb elementor-widget elementor-widget-spacer\" data-id=\"631b2eb\" data-element_type=\"widget\" data-widget_type=\"spacer.default\">\n\t\t\t\t<div class=\"elementor-widget-container\">\n\t\t\t\t\t\t\t<div class=\"elementor-spacer\">\n\t\t\t<div class=\"elementor-spacer-inner\"><\/div>\n\t\t<\/div>\n\t\t\t\t\t\t<\/div>\n\t\t\t\t<\/div>\n\t\t\t\t<div class=\"elementor-element elementor-element-6bd31cb2 elementor-widget elementor-widget-text-editor\" data-id=\"6bd31cb2\" data-element_type=\"widget\" data-widget_type=\"text-editor.default\">\n\t\t\t\t<div class=\"elementor-widget-container\">\n\t\t\t\t\t\t\t\t\t<p>La <strong>Fundaci\u00f3n Privada Ilersis<\/strong> se compromete con la protecci\u00f3n y seguridad de sus datos personales.<\/p><p>En este sentido, les informamos que, a pesar de las amplias medidas y protocolos de seguridad de que disponemos, este fin de semana hemos sido v\u00edctimas de un ataque al servidor de archivos.<\/p><p>Por el momento, no se ha hecho p\u00fablico ning\u00fan dato, pero tenemos constancia de que se ha accedido a informaci\u00f3n personal que puede incluir datos identificativos, as\u00ed como datos especialmente sensibles de las personas usuarias y trabajadoras de la Fundaci\u00f3.<\/p><p>Estamos trabajando con diligencia para resolver esta situaci\u00f3n, as\u00ed como implementar nuevas medidas de seguridad para minimizar el riesgo de futuras incidencias.<\/p><p>Para cualquier duda o aclaraci\u00f3n, puede ponerse en contacto con nuestro Delegado de Protecci\u00f3n de Datos en la direcci\u00f3n <strong><a href=\"mailto:dpd@ilersis.org\" target=\"_blank\" rel=\"noopener\">dpd@ilersis.org<\/a><\/strong> .<\/p>\t\t\t\t\t\t\t\t<\/div>\n\t\t\t\t<\/div>\n\t\t<div class=\"elementor-element elementor-element-5a94926 e-con-full e-flex e-con e-child\" data-id=\"5a94926\" data-element_type=\"container\" data-settings=\"{&quot;jet_parallax_layout_list&quot;:[]}\">\n\t\t\t\t<div class=\"elementor-element elementor-element-a18ede6 elementor-widget-divider--view-line elementor-widget elementor-widget-divider\" data-id=\"a18ede6\" data-element_type=\"widget\" data-widget_type=\"divider.default\">\n\t\t\t\t<div class=\"elementor-widget-container\">\n\t\t\t\t\t\t\t<div class=\"elementor-divider\">\n\t\t\t<span class=\"elementor-divider-separator\">\n\t\t\t\t\t\t<\/span>\n\t\t<\/div>\n\t\t\t\t\t\t<\/div>\n\t\t\t\t<\/div>\n\t\t\t\t<div class=\"elementor-element elementor-element-76f2751 elementor-widget elementor-widget-text-editor\" data-id=\"76f2751\" data-element_type=\"widget\" data-widget_type=\"text-editor.default\">\n\t\t\t\t<div class=\"elementor-widget-container\">\n\t\t\t\t\t\t\t\t\t<div class=\"flex max-w-full flex-col flex-grow\"><div class=\"min-h-8 text-message relative flex w-full flex-col items-end gap-2 whitespace-normal break-words text-start [.text-message+&amp;]:mt-5\" dir=\"auto\" data-message-author-role=\"assistant\" data-message-id=\"c3e56f14-117a-4251-870e-0f359ddc337d\" data-message-model-slug=\"gpt-4o\"><div class=\"flex w-full flex-col gap-1 empty:hidden first:pt-[3px]\"><div class=\"markdown prose w-full break-words dark:prose-invert light\"><h2 data-start=\"27\" data-end=\"72\"><em><strong data-start=\"27\" data-end=\"72\" data-is-last-node=\"\">Incident de s\u00e9curit\u00e9: communiqu\u00e9 Ilersis<\/strong><\/em><\/h2><\/div><\/div><\/div><\/div><p><em>La Fondation Priv\u00e9e Ilersis se engage \u00e0 proteger te s\u00e9curiser os donn\u00e9es personnelles.<\/em><\/p><p><em>Dans ce sens, nous vous informons que, malgr\u00e9 les vastes mesures et protocoles de s\u00e9curit\u00e9 dont nous disposons, nous avons \u00e9t\u00e9 victimes ce week-end d&#8217;une attaque sur notre serveur de fichiers.<\/em><\/p><p><em>\u00c0 ce jour, aucune donn\u00e9e n\u2019a \u00e9t\u00e9 rendue publique, mais nous avons constat\u00e9 un acc\u00e8s \u00e0 des informations personnelles pouvant inclure des donn\u00e9es d\u2019identification ainsi que des donn\u00e9es particuli\u00e8rement sensibles concernant des personnes utilisatrices et employ\u00e9es de la Fondation.<\/em><\/p><p><em>Nous travaillons avec diligence pour r\u00e9soudre cette situation et mettre en place de nouvelles mesures de s\u00e9curit\u00e9 afin de minimiser le risque d\u2019incidents futurs.<\/em><\/p><p><em>Pour toute question ou clarification, vous pouvez contacter notre d\u00e9l\u00e9gu\u00e9 \u00e0 la protection des donn\u00e9es \u00e0 l&#8217;adresse <strong><a href=\"mailto:dpd@ilersis.org\" target=\"_blank\" rel=\"noopener\">dpd@ilersis.org<\/a><\/strong> .<\/em><\/p>\t\t\t\t\t\t\t\t<\/div>\n\t\t\t\t<\/div>\n\t\t\t\t<div class=\"elementor-element elementor-element-4f37cc3 elementor-widget elementor-widget-spacer\" data-id=\"4f37cc3\" data-element_type=\"widget\" data-widget_type=\"spacer.default\">\n\t\t\t\t<div class=\"elementor-widget-container\">\n\t\t\t\t\t\t\t<div class=\"elementor-spacer\">\n\t\t\t<div class=\"elementor-spacer-inner\"><\/div>\n\t\t<\/div>\n\t\t\t\t\t\t<\/div>\n\t\t\t\t<\/div>\n\t\t\t\t<\/div>\n\t\t\t\t\t<\/div>\n\t\t\t\t<\/div>\n\t\t\t\t<\/div>\n\t\t","protected":false},"excerpt":{"rendered":"<p>A pesar de las amplias medidas y protocolos de seguridad de que disponemos, este domingo, 9 de marzo, hemos sido v\u00edctimas de un ataque al servidor de archivos.<\/p>\n","protected":false},"author":3,"featured_media":20302,"comment_status":"closed","ping_status":"open","sticky":false,"template":"","format":"standard","meta":{"footnotes":""},"categories":[100],"tags":[],"class_list":["post-20299","post","type-post","status-publish","format-standard","has-post-thumbnail","hentry","category-ilersis-es"],"yoast_head":"<!-- This site is optimized with the Yoast SEO plugin v27.0 - https:\/\/yoast.com\/product\/yoast-seo-wordpress\/ -->\n<title>Incidencia de seguridad: comunicado Ilersis - Ilersis<\/title>\n<meta name=\"description\" content=\"A pesar de las amplias medidas y protocolos de seguridad, Ilersis ha sido v\u00edctima de un ciberataque en el servidor de archivos.\" \/>\n<meta name=\"robots\" content=\"index, follow, max-snippet:-1, max-image-preview:large, max-video-preview:-1\" \/>\n<link rel=\"canonical\" href=\"https:\/\/ilersis.org\/es\/ilersis-es\/incidencia-de-seguridad-comunicado-ilersis\/\" \/>\n<meta property=\"og:locale\" content=\"es_ES\" \/>\n<meta property=\"og:type\" content=\"article\" \/>\n<meta property=\"og:title\" content=\"Incidencia de seguridad: comunicado Ilersis - Ilersis\" \/>\n<meta property=\"og:description\" content=\"A pesar de las amplias medidas y protocolos de seguridad, Ilersis ha sido v\u00edctima de un ciberataque en el servidor de archivos.\" \/>\n<meta property=\"og:url\" content=\"https:\/\/ilersis.org\/es\/ilersis-es\/incidencia-de-seguridad-comunicado-ilersis\/\" \/>\n<meta property=\"og:site_name\" content=\"Ilersis\" \/>\n<meta property=\"article:publisher\" content=\"https:\/\/www.facebook.com\/fundacioIlersis\" \/>\n<meta property=\"article:published_time\" content=\"2025-03-11T14:04:08+00:00\" \/>\n<meta property=\"article:modified_time\" content=\"2025-03-11T14:38:49+00:00\" \/>\n<meta property=\"og:image\" content=\"https:\/\/ilersis.org\/wp-content\/uploads\/2025\/03\/Portada-Incidencia-seguretat-comunicat-Ilersis-_v5.png\" \/>\n\t<meta property=\"og:image:width\" content=\"800\" \/>\n\t<meta property=\"og:image:height\" content=\"200\" \/>\n\t<meta property=\"og:image:type\" content=\"image\/png\" \/>\n<meta name=\"author\" content=\"Laia Dolcet\" \/>\n<meta name=\"twitter:card\" content=\"summary_large_image\" \/>\n<meta name=\"twitter:creator\" content=\"@ILERSISfundacio\" \/>\n<meta name=\"twitter:site\" content=\"@ILERSISfundacio\" \/>\n<meta name=\"twitter:label1\" content=\"Escrito por\" \/>\n\t<meta name=\"twitter:data1\" content=\"Laia Dolcet\" \/>\n\t<meta name=\"twitter:label2\" content=\"Tiempo de lectura\" \/>\n\t<meta name=\"twitter:data2\" content=\"1 minuto\" \/>\n<script type=\"application\/ld+json\" class=\"yoast-schema-graph\">{\"@context\":\"https:\/\/schema.org\",\"@graph\":[{\"@type\":\"Article\",\"@id\":\"https:\/\/ilersis.org\/es\/ilersis-es\/incidencia-de-seguridad-comunicado-ilersis\/#article\",\"isPartOf\":{\"@id\":\"https:\/\/ilersis.org\/es\/ilersis-es\/incidencia-de-seguridad-comunicado-ilersis\/\"},\"author\":{\"name\":\"Laia Dolcet\",\"@id\":\"https:\/\/ilersis.org\/es\/#\/schema\/person\/83dad7a1744c08cc601e6c38ae993734\"},\"headline\":\"Incidencia de seguridad: comunicado Ilersis\",\"datePublished\":\"2025-03-11T14:04:08+00:00\",\"dateModified\":\"2025-03-11T14:38:49+00:00\",\"mainEntityOfPage\":{\"@id\":\"https:\/\/ilersis.org\/es\/ilersis-es\/incidencia-de-seguridad-comunicado-ilersis\/\"},\"wordCount\":295,\"publisher\":{\"@id\":\"https:\/\/ilersis.org\/es\/#organization\"},\"image\":{\"@id\":\"https:\/\/ilersis.org\/es\/ilersis-es\/incidencia-de-seguridad-comunicado-ilersis\/#primaryimage\"},\"thumbnailUrl\":\"https:\/\/ilersis.org\/wp-content\/uploads\/2025\/03\/Portada-Incidencia-seguretat-comunicat-Ilersis-_v5.png\",\"articleSection\":[\"Ilersis\"],\"inLanguage\":\"es\"},{\"@type\":\"WebPage\",\"@id\":\"https:\/\/ilersis.org\/es\/ilersis-es\/incidencia-de-seguridad-comunicado-ilersis\/\",\"url\":\"https:\/\/ilersis.org\/es\/ilersis-es\/incidencia-de-seguridad-comunicado-ilersis\/\",\"name\":\"Incidencia de seguridad: comunicado Ilersis - Ilersis\",\"isPartOf\":{\"@id\":\"https:\/\/ilersis.org\/es\/#website\"},\"primaryImageOfPage\":{\"@id\":\"https:\/\/ilersis.org\/es\/ilersis-es\/incidencia-de-seguridad-comunicado-ilersis\/#primaryimage\"},\"image\":{\"@id\":\"https:\/\/ilersis.org\/es\/ilersis-es\/incidencia-de-seguridad-comunicado-ilersis\/#primaryimage\"},\"thumbnailUrl\":\"https:\/\/ilersis.org\/wp-content\/uploads\/2025\/03\/Portada-Incidencia-seguretat-comunicat-Ilersis-_v5.png\",\"datePublished\":\"2025-03-11T14:04:08+00:00\",\"dateModified\":\"2025-03-11T14:38:49+00:00\",\"description\":\"A pesar de las amplias medidas y protocolos de seguridad, Ilersis ha sido v\u00edctima de un ciberataque en el servidor de archivos.\",\"breadcrumb\":{\"@id\":\"https:\/\/ilersis.org\/es\/ilersis-es\/incidencia-de-seguridad-comunicado-ilersis\/#breadcrumb\"},\"inLanguage\":\"es\",\"potentialAction\":[{\"@type\":\"ReadAction\",\"target\":[\"https:\/\/ilersis.org\/es\/ilersis-es\/incidencia-de-seguridad-comunicado-ilersis\/\"]}]},{\"@type\":\"ImageObject\",\"inLanguage\":\"es\",\"@id\":\"https:\/\/ilersis.org\/es\/ilersis-es\/incidencia-de-seguridad-comunicado-ilersis\/#primaryimage\",\"url\":\"https:\/\/ilersis.org\/wp-content\/uploads\/2025\/03\/Portada-Incidencia-seguretat-comunicat-Ilersis-_v5.png\",\"contentUrl\":\"https:\/\/ilersis.org\/wp-content\/uploads\/2025\/03\/Portada-Incidencia-seguretat-comunicat-Ilersis-_v5.png\",\"width\":800,\"height\":200},{\"@type\":\"BreadcrumbList\",\"@id\":\"https:\/\/ilersis.org\/es\/ilersis-es\/incidencia-de-seguridad-comunicado-ilersis\/#breadcrumb\",\"itemListElement\":[{\"@type\":\"ListItem\",\"position\":1,\"name\":\"Hogar\",\"item\":\"https:\/\/ilersis.org\/es\/\"},{\"@type\":\"ListItem\",\"position\":2,\"name\":\"Incidencia de seguridad: comunicado Ilersis\"}]},{\"@type\":\"WebSite\",\"@id\":\"https:\/\/ilersis.org\/es\/#website\",\"url\":\"https:\/\/ilersis.org\/es\/\",\"name\":\"Ilersis\",\"description\":\"Fundaci\u00f3n Ilersis\",\"publisher\":{\"@id\":\"https:\/\/ilersis.org\/es\/#organization\"},\"potentialAction\":[{\"@type\":\"SearchAction\",\"target\":{\"@type\":\"EntryPoint\",\"urlTemplate\":\"https:\/\/ilersis.org\/es\/?s={search_term_string}\"},\"query-input\":{\"@type\":\"PropertyValueSpecification\",\"valueRequired\":true,\"valueName\":\"search_term_string\"}}],\"inLanguage\":\"es\"},{\"@type\":\"Organization\",\"@id\":\"https:\/\/ilersis.org\/es\/#organization\",\"name\":\"Ilersis Fundaci\u00f3 Privada\",\"url\":\"https:\/\/ilersis.org\/es\/\",\"logo\":{\"@type\":\"ImageObject\",\"inLanguage\":\"es\",\"@id\":\"https:\/\/ilersis.org\/es\/#\/schema\/logo\/image\/\",\"url\":\"https:\/\/ilersis.org\/wp-content\/uploads\/2024\/10\/logo-ilersis-sin-fondo.png\",\"contentUrl\":\"https:\/\/ilersis.org\/wp-content\/uploads\/2024\/10\/logo-ilersis-sin-fondo.png\",\"width\":595,\"height\":197,\"caption\":\"Ilersis Fundaci\u00f3 Privada\"},\"image\":{\"@id\":\"https:\/\/ilersis.org\/es\/#\/schema\/logo\/image\/\"},\"sameAs\":[\"https:\/\/www.facebook.com\/fundacioIlersis\",\"https:\/\/x.com\/ILERSISfundacio\",\"https:\/\/www.linkedin.com\/company\/fundacioilersis\/\"]},{\"@type\":\"Person\",\"@id\":\"https:\/\/ilersis.org\/es\/#\/schema\/person\/83dad7a1744c08cc601e6c38ae993734\",\"name\":\"Laia Dolcet\",\"image\":{\"@type\":\"ImageObject\",\"inLanguage\":\"es\",\"@id\":\"https:\/\/ilersis.org\/es\/#\/schema\/person\/image\/\",\"url\":\"https:\/\/secure.gravatar.com\/avatar\/3070e77d44334ce5fade6c8b743117f22c1cecd86c741090b83e8fae856f764b?s=96&d=mm&r=g\",\"contentUrl\":\"https:\/\/secure.gravatar.com\/avatar\/3070e77d44334ce5fade6c8b743117f22c1cecd86c741090b83e8fae856f764b?s=96&d=mm&r=g\",\"caption\":\"Laia Dolcet\"},\"url\":\"https:\/\/ilersis.org\/es\/author\/laiadeparaula-com\/\"}]}<\/script>\n<!-- \/ Yoast SEO plugin. -->","yoast_head_json":{"title":"Incidencia de seguridad: comunicado Ilersis - Ilersis","description":"A pesar de las amplias medidas y protocolos de seguridad, Ilersis ha sido v\u00edctima de un ciberataque en el servidor de archivos.","robots":{"index":"index","follow":"follow","max-snippet":"max-snippet:-1","max-image-preview":"max-image-preview:large","max-video-preview":"max-video-preview:-1"},"canonical":"https:\/\/ilersis.org\/es\/ilersis-es\/incidencia-de-seguridad-comunicado-ilersis\/","og_locale":"es_ES","og_type":"article","og_title":"Incidencia de seguridad: comunicado Ilersis - Ilersis","og_description":"A pesar de las amplias medidas y protocolos de seguridad, Ilersis ha sido v\u00edctima de un ciberataque en el servidor de archivos.","og_url":"https:\/\/ilersis.org\/es\/ilersis-es\/incidencia-de-seguridad-comunicado-ilersis\/","og_site_name":"Ilersis","article_publisher":"https:\/\/www.facebook.com\/fundacioIlersis","article_published_time":"2025-03-11T14:04:08+00:00","article_modified_time":"2025-03-11T14:38:49+00:00","og_image":[{"width":800,"height":200,"url":"https:\/\/ilersis.org\/wp-content\/uploads\/2025\/03\/Portada-Incidencia-seguretat-comunicat-Ilersis-_v5.png","type":"image\/png"}],"author":"Laia Dolcet","twitter_card":"summary_large_image","twitter_creator":"@ILERSISfundacio","twitter_site":"@ILERSISfundacio","twitter_misc":{"Escrito por":"Laia Dolcet","Tiempo de lectura":"1 minuto"},"schema":{"@context":"https:\/\/schema.org","@graph":[{"@type":"Article","@id":"https:\/\/ilersis.org\/es\/ilersis-es\/incidencia-de-seguridad-comunicado-ilersis\/#article","isPartOf":{"@id":"https:\/\/ilersis.org\/es\/ilersis-es\/incidencia-de-seguridad-comunicado-ilersis\/"},"author":{"name":"Laia Dolcet","@id":"https:\/\/ilersis.org\/es\/#\/schema\/person\/83dad7a1744c08cc601e6c38ae993734"},"headline":"Incidencia de seguridad: comunicado Ilersis","datePublished":"2025-03-11T14:04:08+00:00","dateModified":"2025-03-11T14:38:49+00:00","mainEntityOfPage":{"@id":"https:\/\/ilersis.org\/es\/ilersis-es\/incidencia-de-seguridad-comunicado-ilersis\/"},"wordCount":295,"publisher":{"@id":"https:\/\/ilersis.org\/es\/#organization"},"image":{"@id":"https:\/\/ilersis.org\/es\/ilersis-es\/incidencia-de-seguridad-comunicado-ilersis\/#primaryimage"},"thumbnailUrl":"https:\/\/ilersis.org\/wp-content\/uploads\/2025\/03\/Portada-Incidencia-seguretat-comunicat-Ilersis-_v5.png","articleSection":["Ilersis"],"inLanguage":"es"},{"@type":"WebPage","@id":"https:\/\/ilersis.org\/es\/ilersis-es\/incidencia-de-seguridad-comunicado-ilersis\/","url":"https:\/\/ilersis.org\/es\/ilersis-es\/incidencia-de-seguridad-comunicado-ilersis\/","name":"Incidencia de seguridad: comunicado Ilersis - Ilersis","isPartOf":{"@id":"https:\/\/ilersis.org\/es\/#website"},"primaryImageOfPage":{"@id":"https:\/\/ilersis.org\/es\/ilersis-es\/incidencia-de-seguridad-comunicado-ilersis\/#primaryimage"},"image":{"@id":"https:\/\/ilersis.org\/es\/ilersis-es\/incidencia-de-seguridad-comunicado-ilersis\/#primaryimage"},"thumbnailUrl":"https:\/\/ilersis.org\/wp-content\/uploads\/2025\/03\/Portada-Incidencia-seguretat-comunicat-Ilersis-_v5.png","datePublished":"2025-03-11T14:04:08+00:00","dateModified":"2025-03-11T14:38:49+00:00","description":"A pesar de las amplias medidas y protocolos de seguridad, Ilersis ha sido v\u00edctima de un ciberataque en el servidor de archivos.","breadcrumb":{"@id":"https:\/\/ilersis.org\/es\/ilersis-es\/incidencia-de-seguridad-comunicado-ilersis\/#breadcrumb"},"inLanguage":"es","potentialAction":[{"@type":"ReadAction","target":["https:\/\/ilersis.org\/es\/ilersis-es\/incidencia-de-seguridad-comunicado-ilersis\/"]}]},{"@type":"ImageObject","inLanguage":"es","@id":"https:\/\/ilersis.org\/es\/ilersis-es\/incidencia-de-seguridad-comunicado-ilersis\/#primaryimage","url":"https:\/\/ilersis.org\/wp-content\/uploads\/2025\/03\/Portada-Incidencia-seguretat-comunicat-Ilersis-_v5.png","contentUrl":"https:\/\/ilersis.org\/wp-content\/uploads\/2025\/03\/Portada-Incidencia-seguretat-comunicat-Ilersis-_v5.png","width":800,"height":200},{"@type":"BreadcrumbList","@id":"https:\/\/ilersis.org\/es\/ilersis-es\/incidencia-de-seguridad-comunicado-ilersis\/#breadcrumb","itemListElement":[{"@type":"ListItem","position":1,"name":"Hogar","item":"https:\/\/ilersis.org\/es\/"},{"@type":"ListItem","position":2,"name":"Incidencia de seguridad: comunicado Ilersis"}]},{"@type":"WebSite","@id":"https:\/\/ilersis.org\/es\/#website","url":"https:\/\/ilersis.org\/es\/","name":"Ilersis","description":"Fundaci\u00f3n Ilersis","publisher":{"@id":"https:\/\/ilersis.org\/es\/#organization"},"potentialAction":[{"@type":"SearchAction","target":{"@type":"EntryPoint","urlTemplate":"https:\/\/ilersis.org\/es\/?s={search_term_string}"},"query-input":{"@type":"PropertyValueSpecification","valueRequired":true,"valueName":"search_term_string"}}],"inLanguage":"es"},{"@type":"Organization","@id":"https:\/\/ilersis.org\/es\/#organization","name":"Ilersis Fundaci\u00f3 Privada","url":"https:\/\/ilersis.org\/es\/","logo":{"@type":"ImageObject","inLanguage":"es","@id":"https:\/\/ilersis.org\/es\/#\/schema\/logo\/image\/","url":"https:\/\/ilersis.org\/wp-content\/uploads\/2024\/10\/logo-ilersis-sin-fondo.png","contentUrl":"https:\/\/ilersis.org\/wp-content\/uploads\/2024\/10\/logo-ilersis-sin-fondo.png","width":595,"height":197,"caption":"Ilersis Fundaci\u00f3 Privada"},"image":{"@id":"https:\/\/ilersis.org\/es\/#\/schema\/logo\/image\/"},"sameAs":["https:\/\/www.facebook.com\/fundacioIlersis","https:\/\/x.com\/ILERSISfundacio","https:\/\/www.linkedin.com\/company\/fundacioilersis\/"]},{"@type":"Person","@id":"https:\/\/ilersis.org\/es\/#\/schema\/person\/83dad7a1744c08cc601e6c38ae993734","name":"Laia Dolcet","image":{"@type":"ImageObject","inLanguage":"es","@id":"https:\/\/ilersis.org\/es\/#\/schema\/person\/image\/","url":"https:\/\/secure.gravatar.com\/avatar\/3070e77d44334ce5fade6c8b743117f22c1cecd86c741090b83e8fae856f764b?s=96&d=mm&r=g","contentUrl":"https:\/\/secure.gravatar.com\/avatar\/3070e77d44334ce5fade6c8b743117f22c1cecd86c741090b83e8fae856f764b?s=96&d=mm&r=g","caption":"Laia Dolcet"},"url":"https:\/\/ilersis.org\/es\/author\/laiadeparaula-com\/"}]}},"_links":{"self":[{"href":"https:\/\/ilersis.org\/es\/wp-json\/wp\/v2\/posts\/20299","targetHints":{"allow":["GET"]}}],"collection":[{"href":"https:\/\/ilersis.org\/es\/wp-json\/wp\/v2\/posts"}],"about":[{"href":"https:\/\/ilersis.org\/es\/wp-json\/wp\/v2\/types\/post"}],"author":[{"embeddable":true,"href":"https:\/\/ilersis.org\/es\/wp-json\/wp\/v2\/users\/3"}],"replies":[{"embeddable":true,"href":"https:\/\/ilersis.org\/es\/wp-json\/wp\/v2\/comments?post=20299"}],"version-history":[{"count":1,"href":"https:\/\/ilersis.org\/es\/wp-json\/wp\/v2\/posts\/20299\/revisions"}],"predecessor-version":[{"id":20300,"href":"https:\/\/ilersis.org\/es\/wp-json\/wp\/v2\/posts\/20299\/revisions\/20300"}],"wp:featuredmedia":[{"embeddable":true,"href":"https:\/\/ilersis.org\/es\/wp-json\/wp\/v2\/media\/20302"}],"wp:attachment":[{"href":"https:\/\/ilersis.org\/es\/wp-json\/wp\/v2\/media?parent=20299"}],"wp:term":[{"taxonomy":"category","embeddable":true,"href":"https:\/\/ilersis.org\/es\/wp-json\/wp\/v2\/categories?post=20299"},{"taxonomy":"post_tag","embeddable":true,"href":"https:\/\/ilersis.org\/es\/wp-json\/wp\/v2\/tags?post=20299"}],"curies":[{"name":"wp","href":"https:\/\/api.w.org\/{rel}","templated":true}]}}