{"id":19582,"date":"2021-06-03T17:08:52","date_gmt":"2021-06-03T15:08:52","guid":{"rendered":"https:\/\/ilersis.org\/emu-nos-cede-en-alquiler-una-vivienda-destinada-a-insercion-social\/"},"modified":"2025-02-15T19:46:41","modified_gmt":"2025-02-15T17:46:41","slug":"emu-nos-cede-en-alquiler-una-vivienda-destinada-a-insercion-social","status":"publish","type":"post","link":"https:\/\/ilersis.org\/es\/ilersis-es\/emu-nos-cede-en-alquiler-una-vivienda-destinada-a-insercion-social\/","title":{"rendered":"EMU nos cede en alquiler una vivienda destinada a inserci\u00f3n social"},"content":{"rendered":"<div class=\"NoticiaCos\">\n<p>La Empresa Municipal de Urbanismo (EMU) nos ha cedido en r\u00e9gimen de alquiler una vivienda para que sea destinada a la inserci\u00f3n social de nuestros usuarios y usuarias. La vivienda, ubicada en la avenida de les Garrigues, en la Bordeta, tiene 117 m2 \u00fatiles y cuenta con 4 dormitorios para que pueda utilizarse para 4 o 5 personas. <\/p>\n<p>El presidente de la Fundaci\u00f3n, Antoni Siurana, acompa\u00f1ado de la gerente, Teresa Benet, ha agradecido a la EMU la cesi\u00f3n de este piso para convivencia social para usuarios de la entidad, puesto que permitir\u00e1 mantener la vinculaci\u00f3n con Ilersis y vivir con libertad personal, sin la dependencia familiar. Siurana ha comentado que cuesta encontrar pisos amplios para adecuarlos para estos grupos de convivencia para que puedan vivir con independencia. <\/p>\n<p>El teniente de alcalde y concejal de Vivienda y Transici\u00f3n Ecol\u00f3gica, Sergi Talamonte, ha destacado el trabajo que realizamos en Ilersis para favorecer la autonom\u00eda personal de personas con diversidad funcional y ha valorado realizar este tipo de colaboraciones con entidades del tercer sector, para que se puedan ceder viviendas no s\u00f3lo a familias, sino tambi\u00e9n a la comunidad.<\/p>\n<p>Este proyecto tiene como finalidad que la vivienda se convierta en n\u00facleo de convivencia inclusivo donde personas con discapacidad puedan vivir de forma temporal o definitiva de acuerdo con sus necesidades e intereses. Las personas que vivan en la vivienda contar\u00e1n con nuestro soporte, ya que seremos nosotros quienes gestionaremos el piso, ya sea mediante la modalidad de piso con soporte o del programa de autonom\u00eda en el propio hogar. <\/p>\n<p>La cesi\u00f3n de la vivienda por parte de la EMU se enmarca en la Ley 18\/2007 del derecho a la vivienda, que considera actuaciones susceptibles de ser protegidas en materia de vivienda las que tienen por finalidad dar alojamiento a personas o unidades de convivencia con necesidades de vivienda, y m\u00e1s concretamente y entre otras, la gesti\u00f3n de viviendas de inserci\u00f3n. Tambi\u00e9n del Decreto 75\/2014 del Plan sobre el derecho a la vivienda, que prev\u00e9 que las viviendas de inserci\u00f3n se destinan a atender a personas que presentan problemas de inserci\u00f3n que requieren una atenci\u00f3n especial, y seguimiento y tutela especializados durante un per\u00edodo de tiempo. <\/p>\n<\/div>\n","protected":false},"excerpt":{"rendered":"<p>La Empresa Municipal de Urbanismo (EMU) nos ha cedido en r\u00e9gimen de alquiler una vivienda para que sea destinada a la inserci\u00f3n social de nuestros usuarios y usuarias. La vivienda, ubicada en la avenida de les Garrigues, en la Bordeta, tiene 117 m2 \u00fatiles y cuenta con 4 dormitorios para que pueda utilizarse para 4 [&hellip;]<\/p>\n","protected":false},"author":1,"featured_media":19258,"comment_status":"open","ping_status":"closed","sticky":false,"template":"","format":"standard","meta":{"footnotes":""},"categories":[100],"tags":[],"class_list":["post-19582","post","type-post","status-publish","format-standard","has-post-thumbnail","hentry","category-ilersis-es"],"yoast_head":"<!-- This site is optimized with the Yoast SEO plugin v27.0 - https:\/\/yoast.com\/product\/yoast-seo-wordpress\/ -->\n<title>EMU nos cede en alquiler una vivienda destinada a inserci\u00f3n social - Ilersis<\/title>\n<meta name=\"robots\" content=\"index, follow, max-snippet:-1, max-image-preview:large, max-video-preview:-1\" \/>\n<link rel=\"canonical\" href=\"https:\/\/ilersis.org\/es\/ilersis-es\/emu-nos-cede-en-alquiler-una-vivienda-destinada-a-insercion-social\/\" \/>\n<meta property=\"og:locale\" content=\"es_ES\" \/>\n<meta property=\"og:type\" content=\"article\" \/>\n<meta property=\"og:title\" content=\"EMU nos cede en alquiler una vivienda destinada a inserci\u00f3n social - Ilersis\" \/>\n<meta property=\"og:description\" content=\"La Empresa Municipal de Urbanismo (EMU) nos ha cedido en r\u00e9gimen de alquiler una vivienda para que sea destinada a la inserci\u00f3n social de nuestros usuarios y usuarias. La vivienda, ubicada en la avenida de les Garrigues, en la Bordeta, tiene 117 m2 \u00fatiles y cuenta con 4 dormitorios para que pueda utilizarse para 4 [&hellip;]\" \/>\n<meta property=\"og:url\" content=\"https:\/\/ilersis.org\/es\/ilersis-es\/emu-nos-cede-en-alquiler-una-vivienda-destinada-a-insercion-social\/\" \/>\n<meta property=\"og:site_name\" content=\"Ilersis\" \/>\n<meta property=\"article:publisher\" content=\"https:\/\/www.facebook.com\/fundacioIlersis\" \/>\n<meta property=\"article:published_time\" content=\"2021-06-03T15:08:52+00:00\" \/>\n<meta property=\"article:modified_time\" content=\"2025-02-15T17:46:41+00:00\" \/>\n<meta property=\"og:image\" content=\"https:\/\/ilersis.org\/wp-content\/uploads\/2021\/06\/ImatgeHD_cat_48793-scaled-1.jpg\" \/>\n\t<meta property=\"og:image:width\" content=\"2560\" \/>\n\t<meta property=\"og:image:height\" content=\"1873\" \/>\n\t<meta property=\"og:image:type\" content=\"image\/jpeg\" \/>\n<meta name=\"author\" content=\"ilersiswp_adm\" \/>\n<meta name=\"twitter:card\" content=\"summary_large_image\" \/>\n<meta name=\"twitter:creator\" content=\"@ILERSISfundacio\" \/>\n<meta name=\"twitter:site\" content=\"@ILERSISfundacio\" \/>\n<meta name=\"twitter:label1\" content=\"Escrito por\" \/>\n\t<meta name=\"twitter:data1\" content=\"ilersiswp_adm\" \/>\n\t<meta name=\"twitter:label2\" content=\"Tiempo de lectura\" \/>\n\t<meta name=\"twitter:data2\" content=\"2 minutos\" \/>\n<script type=\"application\/ld+json\" class=\"yoast-schema-graph\">{\"@context\":\"https:\/\/schema.org\",\"@graph\":[{\"@type\":\"Article\",\"@id\":\"https:\/\/ilersis.org\/es\/ilersis-es\/emu-nos-cede-en-alquiler-una-vivienda-destinada-a-insercion-social\/#article\",\"isPartOf\":{\"@id\":\"https:\/\/ilersis.org\/es\/ilersis-es\/emu-nos-cede-en-alquiler-una-vivienda-destinada-a-insercion-social\/\"},\"author\":{\"name\":\"ilersiswp_adm\",\"@id\":\"https:\/\/ilersis.org\/es\/#\/schema\/person\/bb84677df622199dc090158740dd36b8\"},\"headline\":\"EMU nos cede en alquiler una vivienda destinada a inserci\u00f3n social\",\"datePublished\":\"2021-06-03T15:08:52+00:00\",\"dateModified\":\"2025-02-15T17:46:41+00:00\",\"mainEntityOfPage\":{\"@id\":\"https:\/\/ilersis.org\/es\/ilersis-es\/emu-nos-cede-en-alquiler-una-vivienda-destinada-a-insercion-social\/\"},\"wordCount\":391,\"commentCount\":0,\"publisher\":{\"@id\":\"https:\/\/ilersis.org\/es\/#organization\"},\"image\":{\"@id\":\"https:\/\/ilersis.org\/es\/ilersis-es\/emu-nos-cede-en-alquiler-una-vivienda-destinada-a-insercion-social\/#primaryimage\"},\"thumbnailUrl\":\"https:\/\/ilersis.org\/wp-content\/uploads\/2021\/06\/ImatgeHD_cat_48793-scaled-1.jpg\",\"articleSection\":[\"Ilersis\"],\"inLanguage\":\"es\",\"potentialAction\":[{\"@type\":\"CommentAction\",\"name\":\"Comment\",\"target\":[\"https:\/\/ilersis.org\/es\/ilersis-es\/emu-nos-cede-en-alquiler-una-vivienda-destinada-a-insercion-social\/#respond\"]}]},{\"@type\":\"WebPage\",\"@id\":\"https:\/\/ilersis.org\/es\/ilersis-es\/emu-nos-cede-en-alquiler-una-vivienda-destinada-a-insercion-social\/\",\"url\":\"https:\/\/ilersis.org\/es\/ilersis-es\/emu-nos-cede-en-alquiler-una-vivienda-destinada-a-insercion-social\/\",\"name\":\"EMU nos cede en alquiler una vivienda destinada a inserci\u00f3n social - Ilersis\",\"isPartOf\":{\"@id\":\"https:\/\/ilersis.org\/es\/#website\"},\"primaryImageOfPage\":{\"@id\":\"https:\/\/ilersis.org\/es\/ilersis-es\/emu-nos-cede-en-alquiler-una-vivienda-destinada-a-insercion-social\/#primaryimage\"},\"image\":{\"@id\":\"https:\/\/ilersis.org\/es\/ilersis-es\/emu-nos-cede-en-alquiler-una-vivienda-destinada-a-insercion-social\/#primaryimage\"},\"thumbnailUrl\":\"https:\/\/ilersis.org\/wp-content\/uploads\/2021\/06\/ImatgeHD_cat_48793-scaled-1.jpg\",\"datePublished\":\"2021-06-03T15:08:52+00:00\",\"dateModified\":\"2025-02-15T17:46:41+00:00\",\"breadcrumb\":{\"@id\":\"https:\/\/ilersis.org\/es\/ilersis-es\/emu-nos-cede-en-alquiler-una-vivienda-destinada-a-insercion-social\/#breadcrumb\"},\"inLanguage\":\"es\",\"potentialAction\":[{\"@type\":\"ReadAction\",\"target\":[\"https:\/\/ilersis.org\/es\/ilersis-es\/emu-nos-cede-en-alquiler-una-vivienda-destinada-a-insercion-social\/\"]}]},{\"@type\":\"ImageObject\",\"inLanguage\":\"es\",\"@id\":\"https:\/\/ilersis.org\/es\/ilersis-es\/emu-nos-cede-en-alquiler-una-vivienda-destinada-a-insercion-social\/#primaryimage\",\"url\":\"https:\/\/ilersis.org\/wp-content\/uploads\/2021\/06\/ImatgeHD_cat_48793-scaled-1.jpg\",\"contentUrl\":\"https:\/\/ilersis.org\/wp-content\/uploads\/2021\/06\/ImatgeHD_cat_48793-scaled-1.jpg\",\"width\":2560,\"height\":1873},{\"@type\":\"BreadcrumbList\",\"@id\":\"https:\/\/ilersis.org\/es\/ilersis-es\/emu-nos-cede-en-alquiler-una-vivienda-destinada-a-insercion-social\/#breadcrumb\",\"itemListElement\":[{\"@type\":\"ListItem\",\"position\":1,\"name\":\"Hogar\",\"item\":\"https:\/\/ilersis.org\/es\/\"},{\"@type\":\"ListItem\",\"position\":2,\"name\":\"EMU nos cede en alquiler una vivienda destinada a inserci\u00f3n social\"}]},{\"@type\":\"WebSite\",\"@id\":\"https:\/\/ilersis.org\/es\/#website\",\"url\":\"https:\/\/ilersis.org\/es\/\",\"name\":\"Ilersis\",\"description\":\"Fundaci\u00f3n Ilersis\",\"publisher\":{\"@id\":\"https:\/\/ilersis.org\/es\/#organization\"},\"potentialAction\":[{\"@type\":\"SearchAction\",\"target\":{\"@type\":\"EntryPoint\",\"urlTemplate\":\"https:\/\/ilersis.org\/es\/?s={search_term_string}\"},\"query-input\":{\"@type\":\"PropertyValueSpecification\",\"valueRequired\":true,\"valueName\":\"search_term_string\"}}],\"inLanguage\":\"es\"},{\"@type\":\"Organization\",\"@id\":\"https:\/\/ilersis.org\/es\/#organization\",\"name\":\"Ilersis Fundaci\u00f3 Privada\",\"url\":\"https:\/\/ilersis.org\/es\/\",\"logo\":{\"@type\":\"ImageObject\",\"inLanguage\":\"es\",\"@id\":\"https:\/\/ilersis.org\/es\/#\/schema\/logo\/image\/\",\"url\":\"https:\/\/ilersis.org\/wp-content\/uploads\/2024\/10\/logo-ilersis-sin-fondo.png\",\"contentUrl\":\"https:\/\/ilersis.org\/wp-content\/uploads\/2024\/10\/logo-ilersis-sin-fondo.png\",\"width\":595,\"height\":197,\"caption\":\"Ilersis Fundaci\u00f3 Privada\"},\"image\":{\"@id\":\"https:\/\/ilersis.org\/es\/#\/schema\/logo\/image\/\"},\"sameAs\":[\"https:\/\/www.facebook.com\/fundacioIlersis\",\"https:\/\/x.com\/ILERSISfundacio\",\"https:\/\/www.linkedin.com\/company\/fundacioilersis\/\"]},{\"@type\":\"Person\",\"@id\":\"https:\/\/ilersis.org\/es\/#\/schema\/person\/bb84677df622199dc090158740dd36b8\",\"name\":\"ilersiswp_adm\",\"image\":{\"@type\":\"ImageObject\",\"inLanguage\":\"es\",\"@id\":\"https:\/\/ilersis.org\/es\/#\/schema\/person\/image\/\",\"url\":\"https:\/\/secure.gravatar.com\/avatar\/d1fb17fc43f480c1318bfde6d8aec6cc47cc63bed94c5686fb831b5b6e8b6399?s=96&d=mm&r=g\",\"contentUrl\":\"https:\/\/secure.gravatar.com\/avatar\/d1fb17fc43f480c1318bfde6d8aec6cc47cc63bed94c5686fb831b5b6e8b6399?s=96&d=mm&r=g\",\"caption\":\"ilersiswp_adm\"},\"sameAs\":[\"https:\/\/ilersis.org\"],\"url\":\"https:\/\/ilersis.org\/es\/author\/ilersiswp_adm\/\"}]}<\/script>\n<!-- \/ Yoast SEO plugin. -->","yoast_head_json":{"title":"EMU nos cede en alquiler una vivienda destinada a inserci\u00f3n social - Ilersis","robots":{"index":"index","follow":"follow","max-snippet":"max-snippet:-1","max-image-preview":"max-image-preview:large","max-video-preview":"max-video-preview:-1"},"canonical":"https:\/\/ilersis.org\/es\/ilersis-es\/emu-nos-cede-en-alquiler-una-vivienda-destinada-a-insercion-social\/","og_locale":"es_ES","og_type":"article","og_title":"EMU nos cede en alquiler una vivienda destinada a inserci\u00f3n social - Ilersis","og_description":"La Empresa Municipal de Urbanismo (EMU) nos ha cedido en r\u00e9gimen de alquiler una vivienda para que sea destinada a la inserci\u00f3n social de nuestros usuarios y usuarias. La vivienda, ubicada en la avenida de les Garrigues, en la Bordeta, tiene 117 m2 \u00fatiles y cuenta con 4 dormitorios para que pueda utilizarse para 4 [&hellip;]","og_url":"https:\/\/ilersis.org\/es\/ilersis-es\/emu-nos-cede-en-alquiler-una-vivienda-destinada-a-insercion-social\/","og_site_name":"Ilersis","article_publisher":"https:\/\/www.facebook.com\/fundacioIlersis","article_published_time":"2021-06-03T15:08:52+00:00","article_modified_time":"2025-02-15T17:46:41+00:00","og_image":[{"width":2560,"height":1873,"url":"https:\/\/ilersis.org\/wp-content\/uploads\/2021\/06\/ImatgeHD_cat_48793-scaled-1.jpg","type":"image\/jpeg"}],"author":"ilersiswp_adm","twitter_card":"summary_large_image","twitter_creator":"@ILERSISfundacio","twitter_site":"@ILERSISfundacio","twitter_misc":{"Escrito por":"ilersiswp_adm","Tiempo de lectura":"2 minutos"},"schema":{"@context":"https:\/\/schema.org","@graph":[{"@type":"Article","@id":"https:\/\/ilersis.org\/es\/ilersis-es\/emu-nos-cede-en-alquiler-una-vivienda-destinada-a-insercion-social\/#article","isPartOf":{"@id":"https:\/\/ilersis.org\/es\/ilersis-es\/emu-nos-cede-en-alquiler-una-vivienda-destinada-a-insercion-social\/"},"author":{"name":"ilersiswp_adm","@id":"https:\/\/ilersis.org\/es\/#\/schema\/person\/bb84677df622199dc090158740dd36b8"},"headline":"EMU nos cede en alquiler una vivienda destinada a inserci\u00f3n social","datePublished":"2021-06-03T15:08:52+00:00","dateModified":"2025-02-15T17:46:41+00:00","mainEntityOfPage":{"@id":"https:\/\/ilersis.org\/es\/ilersis-es\/emu-nos-cede-en-alquiler-una-vivienda-destinada-a-insercion-social\/"},"wordCount":391,"commentCount":0,"publisher":{"@id":"https:\/\/ilersis.org\/es\/#organization"},"image":{"@id":"https:\/\/ilersis.org\/es\/ilersis-es\/emu-nos-cede-en-alquiler-una-vivienda-destinada-a-insercion-social\/#primaryimage"},"thumbnailUrl":"https:\/\/ilersis.org\/wp-content\/uploads\/2021\/06\/ImatgeHD_cat_48793-scaled-1.jpg","articleSection":["Ilersis"],"inLanguage":"es","potentialAction":[{"@type":"CommentAction","name":"Comment","target":["https:\/\/ilersis.org\/es\/ilersis-es\/emu-nos-cede-en-alquiler-una-vivienda-destinada-a-insercion-social\/#respond"]}]},{"@type":"WebPage","@id":"https:\/\/ilersis.org\/es\/ilersis-es\/emu-nos-cede-en-alquiler-una-vivienda-destinada-a-insercion-social\/","url":"https:\/\/ilersis.org\/es\/ilersis-es\/emu-nos-cede-en-alquiler-una-vivienda-destinada-a-insercion-social\/","name":"EMU nos cede en alquiler una vivienda destinada a inserci\u00f3n social - Ilersis","isPartOf":{"@id":"https:\/\/ilersis.org\/es\/#website"},"primaryImageOfPage":{"@id":"https:\/\/ilersis.org\/es\/ilersis-es\/emu-nos-cede-en-alquiler-una-vivienda-destinada-a-insercion-social\/#primaryimage"},"image":{"@id":"https:\/\/ilersis.org\/es\/ilersis-es\/emu-nos-cede-en-alquiler-una-vivienda-destinada-a-insercion-social\/#primaryimage"},"thumbnailUrl":"https:\/\/ilersis.org\/wp-content\/uploads\/2021\/06\/ImatgeHD_cat_48793-scaled-1.jpg","datePublished":"2021-06-03T15:08:52+00:00","dateModified":"2025-02-15T17:46:41+00:00","breadcrumb":{"@id":"https:\/\/ilersis.org\/es\/ilersis-es\/emu-nos-cede-en-alquiler-una-vivienda-destinada-a-insercion-social\/#breadcrumb"},"inLanguage":"es","potentialAction":[{"@type":"ReadAction","target":["https:\/\/ilersis.org\/es\/ilersis-es\/emu-nos-cede-en-alquiler-una-vivienda-destinada-a-insercion-social\/"]}]},{"@type":"ImageObject","inLanguage":"es","@id":"https:\/\/ilersis.org\/es\/ilersis-es\/emu-nos-cede-en-alquiler-una-vivienda-destinada-a-insercion-social\/#primaryimage","url":"https:\/\/ilersis.org\/wp-content\/uploads\/2021\/06\/ImatgeHD_cat_48793-scaled-1.jpg","contentUrl":"https:\/\/ilersis.org\/wp-content\/uploads\/2021\/06\/ImatgeHD_cat_48793-scaled-1.jpg","width":2560,"height":1873},{"@type":"BreadcrumbList","@id":"https:\/\/ilersis.org\/es\/ilersis-es\/emu-nos-cede-en-alquiler-una-vivienda-destinada-a-insercion-social\/#breadcrumb","itemListElement":[{"@type":"ListItem","position":1,"name":"Hogar","item":"https:\/\/ilersis.org\/es\/"},{"@type":"ListItem","position":2,"name":"EMU nos cede en alquiler una vivienda destinada a inserci\u00f3n social"}]},{"@type":"WebSite","@id":"https:\/\/ilersis.org\/es\/#website","url":"https:\/\/ilersis.org\/es\/","name":"Ilersis","description":"Fundaci\u00f3n Ilersis","publisher":{"@id":"https:\/\/ilersis.org\/es\/#organization"},"potentialAction":[{"@type":"SearchAction","target":{"@type":"EntryPoint","urlTemplate":"https:\/\/ilersis.org\/es\/?s={search_term_string}"},"query-input":{"@type":"PropertyValueSpecification","valueRequired":true,"valueName":"search_term_string"}}],"inLanguage":"es"},{"@type":"Organization","@id":"https:\/\/ilersis.org\/es\/#organization","name":"Ilersis Fundaci\u00f3 Privada","url":"https:\/\/ilersis.org\/es\/","logo":{"@type":"ImageObject","inLanguage":"es","@id":"https:\/\/ilersis.org\/es\/#\/schema\/logo\/image\/","url":"https:\/\/ilersis.org\/wp-content\/uploads\/2024\/10\/logo-ilersis-sin-fondo.png","contentUrl":"https:\/\/ilersis.org\/wp-content\/uploads\/2024\/10\/logo-ilersis-sin-fondo.png","width":595,"height":197,"caption":"Ilersis Fundaci\u00f3 Privada"},"image":{"@id":"https:\/\/ilersis.org\/es\/#\/schema\/logo\/image\/"},"sameAs":["https:\/\/www.facebook.com\/fundacioIlersis","https:\/\/x.com\/ILERSISfundacio","https:\/\/www.linkedin.com\/company\/fundacioilersis\/"]},{"@type":"Person","@id":"https:\/\/ilersis.org\/es\/#\/schema\/person\/bb84677df622199dc090158740dd36b8","name":"ilersiswp_adm","image":{"@type":"ImageObject","inLanguage":"es","@id":"https:\/\/ilersis.org\/es\/#\/schema\/person\/image\/","url":"https:\/\/secure.gravatar.com\/avatar\/d1fb17fc43f480c1318bfde6d8aec6cc47cc63bed94c5686fb831b5b6e8b6399?s=96&d=mm&r=g","contentUrl":"https:\/\/secure.gravatar.com\/avatar\/d1fb17fc43f480c1318bfde6d8aec6cc47cc63bed94c5686fb831b5b6e8b6399?s=96&d=mm&r=g","caption":"ilersiswp_adm"},"sameAs":["https:\/\/ilersis.org"],"url":"https:\/\/ilersis.org\/es\/author\/ilersiswp_adm\/"}]}},"_links":{"self":[{"href":"https:\/\/ilersis.org\/es\/wp-json\/wp\/v2\/posts\/19582","targetHints":{"allow":["GET"]}}],"collection":[{"href":"https:\/\/ilersis.org\/es\/wp-json\/wp\/v2\/posts"}],"about":[{"href":"https:\/\/ilersis.org\/es\/wp-json\/wp\/v2\/types\/post"}],"author":[{"embeddable":true,"href":"https:\/\/ilersis.org\/es\/wp-json\/wp\/v2\/users\/1"}],"replies":[{"embeddable":true,"href":"https:\/\/ilersis.org\/es\/wp-json\/wp\/v2\/comments?post=19582"}],"version-history":[{"count":1,"href":"https:\/\/ilersis.org\/es\/wp-json\/wp\/v2\/posts\/19582\/revisions"}],"predecessor-version":[{"id":19585,"href":"https:\/\/ilersis.org\/es\/wp-json\/wp\/v2\/posts\/19582\/revisions\/19585"}],"wp:featuredmedia":[{"embeddable":true,"href":"https:\/\/ilersis.org\/es\/wp-json\/wp\/v2\/media\/19258"}],"wp:attachment":[{"href":"https:\/\/ilersis.org\/es\/wp-json\/wp\/v2\/media?parent=19582"}],"wp:term":[{"taxonomy":"category","embeddable":true,"href":"https:\/\/ilersis.org\/es\/wp-json\/wp\/v2\/categories?post=19582"},{"taxonomy":"post_tag","embeddable":true,"href":"https:\/\/ilersis.org\/es\/wp-json\/wp\/v2\/tags?post=19582"}],"curies":[{"name":"wp","href":"https:\/\/api.w.org\/{rel}","templated":true}]}}