{"id":19566,"date":"2021-09-30T14:34:04","date_gmt":"2021-09-30T12:34:04","guid":{"rendered":"https:\/\/ilersis.org\/convenio-de-colaboracion-entre-ilersis-y-colet-viticultors-para-comercializar-el-vino-espumoso-solidario-som-somriures\/"},"modified":"2025-03-18T14:45:09","modified_gmt":"2025-03-18T12:45:09","slug":"convenio-de-colaboracion-entre-ilersis-y-colet-viticultors-para-comercializar-el-vino-espumoso-solidario-som-somriures","status":"publish","type":"post","link":"https:\/\/ilersis.org\/es\/bo-ilersis-es\/convenio-de-colaboracion-entre-ilersis-y-colet-viticultors-para-comercializar-el-vino-espumoso-solidario-som-somriures\/","title":{"rendered":"Convenio de colaboraci\u00f3n entre Ilersis y Colet Viticultors para comercializar el vino espumoso solidario &#8216;Som Somriures&#8217;"},"content":{"rendered":"<p><strong>El dise\u00f1o de las etiquetas ha sido obra de las personas de la Fundaci\u00f3n Ilersis, que recibir\u00e1 un donativo de 0,50\u20ac por cada botella vendida.  <\/strong><\/p>\n<p style=\"font-weight: 400;\">Fundaci\u00f3n Privada Ilersis y Colet Viticultors SL han firmado un convenio de colaboraci\u00f3n para la comercializaci\u00f3n a trav\u00e9s de BO de Shalom del vino espumoso ecol\u00f3gico solidario con el etiquetado &#8216;Som Somriures&#8217;.<\/p>\n<p style=\"font-weight: 400;\">El acuerdo ha sido firmado por Antoni Siurana, presidente de Ilersis, y Sergi Colet, director de Colet Viticultors, y se enmarca dentro del proyecto de la Fundaci\u00f3n de dar la mayor visibilidad posible a las personas con discapacidad, sensibilizar a la sociedad de sus capacidades y dar la m\u00e1xima proyecci\u00f3n a su actividad. Entre esta actividad figura el dise\u00f1o, a cargo de las personas de Ilersis, de la imagen que lucir\u00e1n las etiquetas, bozales y chapas con la denominaci\u00f3n &#8216;Som Somriures&#8217; de las botellas que fabricar\u00e1 Colet Viticultors. El precio de cada botella incluir\u00e1 un donativo de 0,50\u20ac a favor de la Fundaci\u00f3n Privada Ilersis, seg\u00fan contempla un acuerdo que tiene una vigencia de un a\u00f1o.<\/p>\n<p style=\"font-weight: 400;\">El vino en cuesti\u00f3n es un espumoso ecol\u00f3gico Extra Brut denominado habitualmente &#8216;Cl\u00e0ssic Pened\u00e8s Tradicional&#8217;, que se elabora con las uvas t\u00edpicas de la comarca (Macabeo, Xarel\u00b7lo y Parellada) y que destaca por ser un vino fresco y fragante, ideal para poder disfrutarlo en cualquier situaci\u00f3n, por ejemplo, de Navidad.<\/p>\n<p style=\"font-weight: 400;\">Ambas partes han expresado su satisfacci\u00f3n por un convenio que potencia la vocaci\u00f3n social del proyecto de la Fundaci\u00f3n Ilersis, mientras que para Colet Viticultors, una bodega familiar hist\u00f3rica, el acuerdo encaja en la l\u00ednea de responsabilidad social de empresa. En este sentido, Sergi Colet ha remarcado que \u00abno es un tema de visibilidad de la empresa\u00bb, sino todo lo contrario, se traca m\u00e1s bien de una cuesti\u00f3n de \u00abintrospecci\u00f3n interior nuestra que nos llena de energ\u00eda, por el hecho de poder luchar cada d\u00eda, de sentirse un privilegiado de la vida&#8230; y los que podemos, debemos ayudar. Cuando se nos hizo la propuesta desde Ilersis, nuestra respuesta fue r\u00e1pida y clara\u201d, ha precisado.<\/p>\n<p style=\"font-weight: 400;\">Este nuevo producto ya se puede adquirir en <a href=\"http:\/\/www.bodeshalom.cat\" target=\"_blank\" rel=\"noopener\">www.bodeshalom.cat<\/a> o bien en bodega, cafeter\u00eda, restaurante de BO de Shalom de La Gremial, Plaza Moss\u00e8n Jacint Verdaguer, 5 de Lleida.<\/p>\n","protected":false},"excerpt":{"rendered":"<p>El dise\u00f1o de las etiquetas ha sido obra de las personas de la Fundaci\u00f3n Ilersis, que recibir\u00e1 un donativo de 0,50\u20ac por cada botella vendida. Fundaci\u00f3n Privada Ilersis y Colet Viticultors SL han firmado un convenio de colaboraci\u00f3n para la comercializaci\u00f3n a trav\u00e9s de BO de Shalom del vino espumoso ecol\u00f3gico solidario con el etiquetado [&hellip;]<\/p>\n","protected":false},"author":1,"featured_media":19266,"comment_status":"open","ping_status":"closed","sticky":false,"template":"","format":"standard","meta":{"footnotes":""},"categories":[97],"tags":[],"class_list":["post-19566","post","type-post","status-publish","format-standard","has-post-thumbnail","hentry","category-bo-ilersis-es"],"yoast_head":"<!-- This site is optimized with the Yoast SEO plugin v27.0 - https:\/\/yoast.com\/product\/yoast-seo-wordpress\/ -->\n<title>Convenio de colaboraci\u00f3n entre Ilersis y Colet Viticultors para comercializar el vino espumoso solidario &#039;Som Somriures&#039; - Ilersis<\/title>\n<meta name=\"description\" content=\"El dise\u00f1o de las etiquetas ha sido obra de las personas de la Fundaci\u00f3n Ilersis, que recibir\u00e1 un donativo de 0,50\u20ac por cada botella vendida.\" \/>\n<meta name=\"robots\" content=\"index, follow, max-snippet:-1, max-image-preview:large, max-video-preview:-1\" \/>\n<link rel=\"canonical\" href=\"https:\/\/ilersis.org\/es\/bo-ilersis-es\/convenio-de-colaboracion-entre-ilersis-y-colet-viticultors-para-comercializar-el-vino-espumoso-solidario-som-somriures\/\" \/>\n<meta property=\"og:locale\" content=\"es_ES\" \/>\n<meta property=\"og:type\" content=\"article\" \/>\n<meta property=\"og:title\" content=\"Convenio de colaboraci\u00f3n entre Ilersis y Colet Viticultors para comercializar el vino espumoso solidario &#039;Som Somriures&#039; - Ilersis\" \/>\n<meta property=\"og:description\" content=\"El dise\u00f1o de las etiquetas ha sido obra de las personas de la Fundaci\u00f3n Ilersis, que recibir\u00e1 un donativo de 0,50\u20ac por cada botella vendida.\" \/>\n<meta property=\"og:url\" content=\"https:\/\/ilersis.org\/es\/bo-ilersis-es\/convenio-de-colaboracion-entre-ilersis-y-colet-viticultors-para-comercializar-el-vino-espumoso-solidario-som-somriures\/\" \/>\n<meta property=\"og:site_name\" content=\"Ilersis\" \/>\n<meta property=\"article:publisher\" content=\"https:\/\/www.facebook.com\/fundacioIlersis\" \/>\n<meta property=\"article:published_time\" content=\"2021-09-30T12:34:04+00:00\" \/>\n<meta property=\"article:modified_time\" content=\"2025-03-18T12:45:09+00:00\" \/>\n<meta property=\"og:image\" content=\"https:\/\/ilersis.org\/wp-content\/uploads\/2021\/09\/Conveni-Ilersis-Colet_1-scaled-1.jpg\" \/>\n\t<meta property=\"og:image:width\" content=\"2560\" \/>\n\t<meta property=\"og:image:height\" content=\"1707\" \/>\n\t<meta property=\"og:image:type\" content=\"image\/jpeg\" \/>\n<meta name=\"author\" content=\"ilersiswp_adm\" \/>\n<meta name=\"twitter:card\" content=\"summary_large_image\" \/>\n<meta name=\"twitter:creator\" content=\"@ILERSISfundacio\" \/>\n<meta name=\"twitter:site\" content=\"@ILERSISfundacio\" \/>\n<meta name=\"twitter:label1\" content=\"Escrito por\" \/>\n\t<meta name=\"twitter:data1\" content=\"ilersiswp_adm\" \/>\n\t<meta name=\"twitter:label2\" content=\"Tiempo de lectura\" \/>\n\t<meta name=\"twitter:data2\" content=\"2 minutos\" \/>\n<script type=\"application\/ld+json\" class=\"yoast-schema-graph\">{\"@context\":\"https:\/\/schema.org\",\"@graph\":[{\"@type\":\"Article\",\"@id\":\"https:\/\/ilersis.org\/es\/bo-ilersis-es\/convenio-de-colaboracion-entre-ilersis-y-colet-viticultors-para-comercializar-el-vino-espumoso-solidario-som-somriures\/#article\",\"isPartOf\":{\"@id\":\"https:\/\/ilersis.org\/es\/bo-ilersis-es\/convenio-de-colaboracion-entre-ilersis-y-colet-viticultors-para-comercializar-el-vino-espumoso-solidario-som-somriures\/\"},\"author\":{\"name\":\"ilersiswp_adm\",\"@id\":\"https:\/\/ilersis.org\/es\/#\/schema\/person\/bb84677df622199dc090158740dd36b8\"},\"headline\":\"Convenio de colaboraci\u00f3n entre Ilersis y Colet Viticultors para comercializar el vino espumoso solidario &#8216;Som Somriures&#8217;\",\"datePublished\":\"2021-09-30T12:34:04+00:00\",\"dateModified\":\"2025-03-18T12:45:09+00:00\",\"mainEntityOfPage\":{\"@id\":\"https:\/\/ilersis.org\/es\/bo-ilersis-es\/convenio-de-colaboracion-entre-ilersis-y-colet-viticultors-para-comercializar-el-vino-espumoso-solidario-som-somriures\/\"},\"wordCount\":418,\"commentCount\":0,\"publisher\":{\"@id\":\"https:\/\/ilersis.org\/es\/#organization\"},\"image\":{\"@id\":\"https:\/\/ilersis.org\/es\/bo-ilersis-es\/convenio-de-colaboracion-entre-ilersis-y-colet-viticultors-para-comercializar-el-vino-espumoso-solidario-som-somriures\/#primaryimage\"},\"thumbnailUrl\":\"https:\/\/ilersis.org\/wp-content\/uploads\/2021\/09\/Conveni-Ilersis-Colet_1-scaled-1.jpg\",\"articleSection\":[\"BO Ilersis\"],\"inLanguage\":\"es\",\"potentialAction\":[{\"@type\":\"CommentAction\",\"name\":\"Comment\",\"target\":[\"https:\/\/ilersis.org\/es\/bo-ilersis-es\/convenio-de-colaboracion-entre-ilersis-y-colet-viticultors-para-comercializar-el-vino-espumoso-solidario-som-somriures\/#respond\"]}]},{\"@type\":\"WebPage\",\"@id\":\"https:\/\/ilersis.org\/es\/bo-ilersis-es\/convenio-de-colaboracion-entre-ilersis-y-colet-viticultors-para-comercializar-el-vino-espumoso-solidario-som-somriures\/\",\"url\":\"https:\/\/ilersis.org\/es\/bo-ilersis-es\/convenio-de-colaboracion-entre-ilersis-y-colet-viticultors-para-comercializar-el-vino-espumoso-solidario-som-somriures\/\",\"name\":\"Convenio de colaboraci\u00f3n entre Ilersis y Colet Viticultors para comercializar el vino espumoso solidario 'Som Somriures' - Ilersis\",\"isPartOf\":{\"@id\":\"https:\/\/ilersis.org\/es\/#website\"},\"primaryImageOfPage\":{\"@id\":\"https:\/\/ilersis.org\/es\/bo-ilersis-es\/convenio-de-colaboracion-entre-ilersis-y-colet-viticultors-para-comercializar-el-vino-espumoso-solidario-som-somriures\/#primaryimage\"},\"image\":{\"@id\":\"https:\/\/ilersis.org\/es\/bo-ilersis-es\/convenio-de-colaboracion-entre-ilersis-y-colet-viticultors-para-comercializar-el-vino-espumoso-solidario-som-somriures\/#primaryimage\"},\"thumbnailUrl\":\"https:\/\/ilersis.org\/wp-content\/uploads\/2021\/09\/Conveni-Ilersis-Colet_1-scaled-1.jpg\",\"datePublished\":\"2021-09-30T12:34:04+00:00\",\"dateModified\":\"2025-03-18T12:45:09+00:00\",\"description\":\"El dise\u00f1o de las etiquetas ha sido obra de las personas de la Fundaci\u00f3n Ilersis, que recibir\u00e1 un donativo de 0,50\u20ac por cada botella vendida.\",\"breadcrumb\":{\"@id\":\"https:\/\/ilersis.org\/es\/bo-ilersis-es\/convenio-de-colaboracion-entre-ilersis-y-colet-viticultors-para-comercializar-el-vino-espumoso-solidario-som-somriures\/#breadcrumb\"},\"inLanguage\":\"es\",\"potentialAction\":[{\"@type\":\"ReadAction\",\"target\":[\"https:\/\/ilersis.org\/es\/bo-ilersis-es\/convenio-de-colaboracion-entre-ilersis-y-colet-viticultors-para-comercializar-el-vino-espumoso-solidario-som-somriures\/\"]}]},{\"@type\":\"ImageObject\",\"inLanguage\":\"es\",\"@id\":\"https:\/\/ilersis.org\/es\/bo-ilersis-es\/convenio-de-colaboracion-entre-ilersis-y-colet-viticultors-para-comercializar-el-vino-espumoso-solidario-som-somriures\/#primaryimage\",\"url\":\"https:\/\/ilersis.org\/wp-content\/uploads\/2021\/09\/Conveni-Ilersis-Colet_1-scaled-1.jpg\",\"contentUrl\":\"https:\/\/ilersis.org\/wp-content\/uploads\/2021\/09\/Conveni-Ilersis-Colet_1-scaled-1.jpg\",\"width\":2560,\"height\":1707},{\"@type\":\"BreadcrumbList\",\"@id\":\"https:\/\/ilersis.org\/es\/bo-ilersis-es\/convenio-de-colaboracion-entre-ilersis-y-colet-viticultors-para-comercializar-el-vino-espumoso-solidario-som-somriures\/#breadcrumb\",\"itemListElement\":[{\"@type\":\"ListItem\",\"position\":1,\"name\":\"Hogar\",\"item\":\"https:\/\/ilersis.org\/es\/\"},{\"@type\":\"ListItem\",\"position\":2,\"name\":\"Convenio de colaboraci\u00f3n entre Ilersis y Colet Viticultors para comercializar el vino espumoso solidario &#8216;Som Somriures&#8217;\"}]},{\"@type\":\"WebSite\",\"@id\":\"https:\/\/ilersis.org\/es\/#website\",\"url\":\"https:\/\/ilersis.org\/es\/\",\"name\":\"Ilersis\",\"description\":\"Fundaci\u00f3n Ilersis\",\"publisher\":{\"@id\":\"https:\/\/ilersis.org\/es\/#organization\"},\"potentialAction\":[{\"@type\":\"SearchAction\",\"target\":{\"@type\":\"EntryPoint\",\"urlTemplate\":\"https:\/\/ilersis.org\/es\/?s={search_term_string}\"},\"query-input\":{\"@type\":\"PropertyValueSpecification\",\"valueRequired\":true,\"valueName\":\"search_term_string\"}}],\"inLanguage\":\"es\"},{\"@type\":\"Organization\",\"@id\":\"https:\/\/ilersis.org\/es\/#organization\",\"name\":\"Ilersis Fundaci\u00f3 Privada\",\"url\":\"https:\/\/ilersis.org\/es\/\",\"logo\":{\"@type\":\"ImageObject\",\"inLanguage\":\"es\",\"@id\":\"https:\/\/ilersis.org\/es\/#\/schema\/logo\/image\/\",\"url\":\"https:\/\/ilersis.org\/wp-content\/uploads\/2024\/10\/logo-ilersis-sin-fondo.png\",\"contentUrl\":\"https:\/\/ilersis.org\/wp-content\/uploads\/2024\/10\/logo-ilersis-sin-fondo.png\",\"width\":595,\"height\":197,\"caption\":\"Ilersis Fundaci\u00f3 Privada\"},\"image\":{\"@id\":\"https:\/\/ilersis.org\/es\/#\/schema\/logo\/image\/\"},\"sameAs\":[\"https:\/\/www.facebook.com\/fundacioIlersis\",\"https:\/\/x.com\/ILERSISfundacio\",\"https:\/\/www.linkedin.com\/company\/fundacioilersis\/\"]},{\"@type\":\"Person\",\"@id\":\"https:\/\/ilersis.org\/es\/#\/schema\/person\/bb84677df622199dc090158740dd36b8\",\"name\":\"ilersiswp_adm\",\"image\":{\"@type\":\"ImageObject\",\"inLanguage\":\"es\",\"@id\":\"https:\/\/ilersis.org\/es\/#\/schema\/person\/image\/\",\"url\":\"https:\/\/secure.gravatar.com\/avatar\/d1fb17fc43f480c1318bfde6d8aec6cc47cc63bed94c5686fb831b5b6e8b6399?s=96&d=mm&r=g\",\"contentUrl\":\"https:\/\/secure.gravatar.com\/avatar\/d1fb17fc43f480c1318bfde6d8aec6cc47cc63bed94c5686fb831b5b6e8b6399?s=96&d=mm&r=g\",\"caption\":\"ilersiswp_adm\"},\"sameAs\":[\"https:\/\/ilersis.org\"],\"url\":\"https:\/\/ilersis.org\/es\/author\/ilersiswp_adm\/\"}]}<\/script>\n<!-- \/ Yoast SEO plugin. -->","yoast_head_json":{"title":"Convenio de colaboraci\u00f3n entre Ilersis y Colet Viticultors para comercializar el vino espumoso solidario 'Som Somriures' - Ilersis","description":"El dise\u00f1o de las etiquetas ha sido obra de las personas de la Fundaci\u00f3n Ilersis, que recibir\u00e1 un donativo de 0,50\u20ac por cada botella vendida.","robots":{"index":"index","follow":"follow","max-snippet":"max-snippet:-1","max-image-preview":"max-image-preview:large","max-video-preview":"max-video-preview:-1"},"canonical":"https:\/\/ilersis.org\/es\/bo-ilersis-es\/convenio-de-colaboracion-entre-ilersis-y-colet-viticultors-para-comercializar-el-vino-espumoso-solidario-som-somriures\/","og_locale":"es_ES","og_type":"article","og_title":"Convenio de colaboraci\u00f3n entre Ilersis y Colet Viticultors para comercializar el vino espumoso solidario 'Som Somriures' - Ilersis","og_description":"El dise\u00f1o de las etiquetas ha sido obra de las personas de la Fundaci\u00f3n Ilersis, que recibir\u00e1 un donativo de 0,50\u20ac por cada botella vendida.","og_url":"https:\/\/ilersis.org\/es\/bo-ilersis-es\/convenio-de-colaboracion-entre-ilersis-y-colet-viticultors-para-comercializar-el-vino-espumoso-solidario-som-somriures\/","og_site_name":"Ilersis","article_publisher":"https:\/\/www.facebook.com\/fundacioIlersis","article_published_time":"2021-09-30T12:34:04+00:00","article_modified_time":"2025-03-18T12:45:09+00:00","og_image":[{"width":2560,"height":1707,"url":"https:\/\/ilersis.org\/wp-content\/uploads\/2021\/09\/Conveni-Ilersis-Colet_1-scaled-1.jpg","type":"image\/jpeg"}],"author":"ilersiswp_adm","twitter_card":"summary_large_image","twitter_creator":"@ILERSISfundacio","twitter_site":"@ILERSISfundacio","twitter_misc":{"Escrito por":"ilersiswp_adm","Tiempo de lectura":"2 minutos"},"schema":{"@context":"https:\/\/schema.org","@graph":[{"@type":"Article","@id":"https:\/\/ilersis.org\/es\/bo-ilersis-es\/convenio-de-colaboracion-entre-ilersis-y-colet-viticultors-para-comercializar-el-vino-espumoso-solidario-som-somriures\/#article","isPartOf":{"@id":"https:\/\/ilersis.org\/es\/bo-ilersis-es\/convenio-de-colaboracion-entre-ilersis-y-colet-viticultors-para-comercializar-el-vino-espumoso-solidario-som-somriures\/"},"author":{"name":"ilersiswp_adm","@id":"https:\/\/ilersis.org\/es\/#\/schema\/person\/bb84677df622199dc090158740dd36b8"},"headline":"Convenio de colaboraci\u00f3n entre Ilersis y Colet Viticultors para comercializar el vino espumoso solidario &#8216;Som Somriures&#8217;","datePublished":"2021-09-30T12:34:04+00:00","dateModified":"2025-03-18T12:45:09+00:00","mainEntityOfPage":{"@id":"https:\/\/ilersis.org\/es\/bo-ilersis-es\/convenio-de-colaboracion-entre-ilersis-y-colet-viticultors-para-comercializar-el-vino-espumoso-solidario-som-somriures\/"},"wordCount":418,"commentCount":0,"publisher":{"@id":"https:\/\/ilersis.org\/es\/#organization"},"image":{"@id":"https:\/\/ilersis.org\/es\/bo-ilersis-es\/convenio-de-colaboracion-entre-ilersis-y-colet-viticultors-para-comercializar-el-vino-espumoso-solidario-som-somriures\/#primaryimage"},"thumbnailUrl":"https:\/\/ilersis.org\/wp-content\/uploads\/2021\/09\/Conveni-Ilersis-Colet_1-scaled-1.jpg","articleSection":["BO Ilersis"],"inLanguage":"es","potentialAction":[{"@type":"CommentAction","name":"Comment","target":["https:\/\/ilersis.org\/es\/bo-ilersis-es\/convenio-de-colaboracion-entre-ilersis-y-colet-viticultors-para-comercializar-el-vino-espumoso-solidario-som-somriures\/#respond"]}]},{"@type":"WebPage","@id":"https:\/\/ilersis.org\/es\/bo-ilersis-es\/convenio-de-colaboracion-entre-ilersis-y-colet-viticultors-para-comercializar-el-vino-espumoso-solidario-som-somriures\/","url":"https:\/\/ilersis.org\/es\/bo-ilersis-es\/convenio-de-colaboracion-entre-ilersis-y-colet-viticultors-para-comercializar-el-vino-espumoso-solidario-som-somriures\/","name":"Convenio de colaboraci\u00f3n entre Ilersis y Colet Viticultors para comercializar el vino espumoso solidario 'Som Somriures' - Ilersis","isPartOf":{"@id":"https:\/\/ilersis.org\/es\/#website"},"primaryImageOfPage":{"@id":"https:\/\/ilersis.org\/es\/bo-ilersis-es\/convenio-de-colaboracion-entre-ilersis-y-colet-viticultors-para-comercializar-el-vino-espumoso-solidario-som-somriures\/#primaryimage"},"image":{"@id":"https:\/\/ilersis.org\/es\/bo-ilersis-es\/convenio-de-colaboracion-entre-ilersis-y-colet-viticultors-para-comercializar-el-vino-espumoso-solidario-som-somriures\/#primaryimage"},"thumbnailUrl":"https:\/\/ilersis.org\/wp-content\/uploads\/2021\/09\/Conveni-Ilersis-Colet_1-scaled-1.jpg","datePublished":"2021-09-30T12:34:04+00:00","dateModified":"2025-03-18T12:45:09+00:00","description":"El dise\u00f1o de las etiquetas ha sido obra de las personas de la Fundaci\u00f3n Ilersis, que recibir\u00e1 un donativo de 0,50\u20ac por cada botella vendida.","breadcrumb":{"@id":"https:\/\/ilersis.org\/es\/bo-ilersis-es\/convenio-de-colaboracion-entre-ilersis-y-colet-viticultors-para-comercializar-el-vino-espumoso-solidario-som-somriures\/#breadcrumb"},"inLanguage":"es","potentialAction":[{"@type":"ReadAction","target":["https:\/\/ilersis.org\/es\/bo-ilersis-es\/convenio-de-colaboracion-entre-ilersis-y-colet-viticultors-para-comercializar-el-vino-espumoso-solidario-som-somriures\/"]}]},{"@type":"ImageObject","inLanguage":"es","@id":"https:\/\/ilersis.org\/es\/bo-ilersis-es\/convenio-de-colaboracion-entre-ilersis-y-colet-viticultors-para-comercializar-el-vino-espumoso-solidario-som-somriures\/#primaryimage","url":"https:\/\/ilersis.org\/wp-content\/uploads\/2021\/09\/Conveni-Ilersis-Colet_1-scaled-1.jpg","contentUrl":"https:\/\/ilersis.org\/wp-content\/uploads\/2021\/09\/Conveni-Ilersis-Colet_1-scaled-1.jpg","width":2560,"height":1707},{"@type":"BreadcrumbList","@id":"https:\/\/ilersis.org\/es\/bo-ilersis-es\/convenio-de-colaboracion-entre-ilersis-y-colet-viticultors-para-comercializar-el-vino-espumoso-solidario-som-somriures\/#breadcrumb","itemListElement":[{"@type":"ListItem","position":1,"name":"Hogar","item":"https:\/\/ilersis.org\/es\/"},{"@type":"ListItem","position":2,"name":"Convenio de colaboraci\u00f3n entre Ilersis y Colet Viticultors para comercializar el vino espumoso solidario &#8216;Som Somriures&#8217;"}]},{"@type":"WebSite","@id":"https:\/\/ilersis.org\/es\/#website","url":"https:\/\/ilersis.org\/es\/","name":"Ilersis","description":"Fundaci\u00f3n Ilersis","publisher":{"@id":"https:\/\/ilersis.org\/es\/#organization"},"potentialAction":[{"@type":"SearchAction","target":{"@type":"EntryPoint","urlTemplate":"https:\/\/ilersis.org\/es\/?s={search_term_string}"},"query-input":{"@type":"PropertyValueSpecification","valueRequired":true,"valueName":"search_term_string"}}],"inLanguage":"es"},{"@type":"Organization","@id":"https:\/\/ilersis.org\/es\/#organization","name":"Ilersis Fundaci\u00f3 Privada","url":"https:\/\/ilersis.org\/es\/","logo":{"@type":"ImageObject","inLanguage":"es","@id":"https:\/\/ilersis.org\/es\/#\/schema\/logo\/image\/","url":"https:\/\/ilersis.org\/wp-content\/uploads\/2024\/10\/logo-ilersis-sin-fondo.png","contentUrl":"https:\/\/ilersis.org\/wp-content\/uploads\/2024\/10\/logo-ilersis-sin-fondo.png","width":595,"height":197,"caption":"Ilersis Fundaci\u00f3 Privada"},"image":{"@id":"https:\/\/ilersis.org\/es\/#\/schema\/logo\/image\/"},"sameAs":["https:\/\/www.facebook.com\/fundacioIlersis","https:\/\/x.com\/ILERSISfundacio","https:\/\/www.linkedin.com\/company\/fundacioilersis\/"]},{"@type":"Person","@id":"https:\/\/ilersis.org\/es\/#\/schema\/person\/bb84677df622199dc090158740dd36b8","name":"ilersiswp_adm","image":{"@type":"ImageObject","inLanguage":"es","@id":"https:\/\/ilersis.org\/es\/#\/schema\/person\/image\/","url":"https:\/\/secure.gravatar.com\/avatar\/d1fb17fc43f480c1318bfde6d8aec6cc47cc63bed94c5686fb831b5b6e8b6399?s=96&d=mm&r=g","contentUrl":"https:\/\/secure.gravatar.com\/avatar\/d1fb17fc43f480c1318bfde6d8aec6cc47cc63bed94c5686fb831b5b6e8b6399?s=96&d=mm&r=g","caption":"ilersiswp_adm"},"sameAs":["https:\/\/ilersis.org"],"url":"https:\/\/ilersis.org\/es\/author\/ilersiswp_adm\/"}]}},"_links":{"self":[{"href":"https:\/\/ilersis.org\/es\/wp-json\/wp\/v2\/posts\/19566","targetHints":{"allow":["GET"]}}],"collection":[{"href":"https:\/\/ilersis.org\/es\/wp-json\/wp\/v2\/posts"}],"about":[{"href":"https:\/\/ilersis.org\/es\/wp-json\/wp\/v2\/types\/post"}],"author":[{"embeddable":true,"href":"https:\/\/ilersis.org\/es\/wp-json\/wp\/v2\/users\/1"}],"replies":[{"embeddable":true,"href":"https:\/\/ilersis.org\/es\/wp-json\/wp\/v2\/comments?post=19566"}],"version-history":[{"count":1,"href":"https:\/\/ilersis.org\/es\/wp-json\/wp\/v2\/posts\/19566\/revisions"}],"predecessor-version":[{"id":19569,"href":"https:\/\/ilersis.org\/es\/wp-json\/wp\/v2\/posts\/19566\/revisions\/19569"}],"wp:featuredmedia":[{"embeddable":true,"href":"https:\/\/ilersis.org\/es\/wp-json\/wp\/v2\/media\/19266"}],"wp:attachment":[{"href":"https:\/\/ilersis.org\/es\/wp-json\/wp\/v2\/media?parent=19566"}],"wp:term":[{"taxonomy":"category","embeddable":true,"href":"https:\/\/ilersis.org\/es\/wp-json\/wp\/v2\/categories?post=19566"},{"taxonomy":"post_tag","embeddable":true,"href":"https:\/\/ilersis.org\/es\/wp-json\/wp\/v2\/tags?post=19566"}],"curies":[{"name":"wp","href":"https:\/\/api.w.org\/{rel}","templated":true}]}}