{"id":19556,"date":"2021-10-26T10:24:42","date_gmt":"2021-10-26T08:24:42","guid":{"rendered":"https:\/\/ilersis.org\/ilersis-participa-en-el-salon-gourmets-y-en-municipalia-dos-ferias-de-referencia-en-sus-respectivos-sectores\/"},"modified":"2025-03-18T14:46:56","modified_gmt":"2025-03-18T12:46:56","slug":"ilersis-participa-en-el-salon-gourmets-y-en-municipalia-dos-ferias-de-referencia-en-sus-respectivos-sectores","status":"publish","type":"post","link":"https:\/\/ilersis.org\/es\/bo-ilersis-es\/ilersis-participa-en-el-salon-gourmets-y-en-municipalia-dos-ferias-de-referencia-en-sus-respectivos-sectores\/","title":{"rendered":"Ilersis participa en el Sal\u00f3n Gourmets y en Municipalia, dos ferias de referencia en sus respectivos sectores"},"content":{"rendered":"<p><strong>En Madrid ha expuesto su packaging, mientras que en Lleida ha dado a conocer las brigadas de servicios y productos de BO de Shalom<\/strong><\/p>\n<p>La Fundaci\u00f3n Privada Ilersis ha participado durante la \u00faltima semana en dos ferias de referencia en sus respectivos sectores, como el Sal\u00f3n Gourmets de Madrid y Municipalia, en Lleida.<\/p>\n<p><a href=\"https:\/\/ilersis.org\/content\/uploads\/2021\/10\/WhatsApp-Image-2021-10-19-at-15.19.221.jpeg\"><img fetchpriority=\"high\" decoding=\"async\" class=\"size-medium wp-image-14120 aligncenter\" src=\"https:\/\/ilersis.org\/content\/uploads\/2021\/10\/WhatsApp-Image-2021-10-19-at-15.19.221-300x200.jpeg\" alt=\"Ilersis, Municipalia, Lleida\" width=\"300\" height=\"200\" srcset=\"https:\/\/ilersis.org\/wp-content\/uploads\/2021\/10\/WhatsApp-Image-2021-10-19-at-15.19.221-300x200.jpeg 300w, https:\/\/ilersis.org\/wp-content\/uploads\/2021\/10\/WhatsApp-Image-2021-10-19-at-15.19.221-1024x682.jpeg 1024w, https:\/\/ilersis.org\/wp-content\/uploads\/2021\/10\/WhatsApp-Image-2021-10-19-at-15.19.221-768x512.jpeg 768w, https:\/\/ilersis.org\/wp-content\/uploads\/2021\/10\/WhatsApp-Image-2021-10-19-at-15.19.221-1536x1023.jpeg 1536w, https:\/\/ilersis.org\/wp-content\/uploads\/2021\/10\/WhatsApp-Image-2021-10-19-at-15.19.221.jpeg 1600w\" sizes=\"(max-width: 300px) 100vw, 300px\" \/><\/a><\/p>\n<p>En el caso del Sal\u00f3n Gourmets, que ha celebrado su 34 edici\u00f3n del 18 al 21 de este mes, Ilersis ha estado exponiendo su packaging de productos de madera, con cajas para vino y cava, cajas personalizadas, expositores, juegos de madera, estuches, envases, pizarras, etc.<span class=\"Apple-converted-space\"> <\/span><\/p>\n<p><a href=\"https:\/\/ilersis.org\/content\/uploads\/2021\/10\/WhatsApp-Image-2021-10-19-at-15.39.47.jpeg\"><img decoding=\"async\" class=\"size-medium wp-image-14126 aligncenter\" src=\"https:\/\/ilersis.org\/content\/uploads\/2021\/10\/WhatsApp-Image-2021-10-19-at-15.39.47-225x300.jpeg\" alt=\"Ilersis, Madrid, Sal\u00f3n Gourmet\" width=\"225\" height=\"300\" srcset=\"https:\/\/ilersis.org\/wp-content\/uploads\/2021\/10\/WhatsApp-Image-2021-10-19-at-15.39.47-225x300.jpeg 225w, https:\/\/ilersis.org\/wp-content\/uploads\/2021\/10\/WhatsApp-Image-2021-10-19-at-15.39.47-768x1024.jpeg 768w, https:\/\/ilersis.org\/wp-content\/uploads\/2021\/10\/WhatsApp-Image-2021-10-19-at-15.39.47-1152x1536.jpeg 1152w, https:\/\/ilersis.org\/wp-content\/uploads\/2021\/10\/WhatsApp-Image-2021-10-19-at-15.39.47.jpeg 1500w\" sizes=\"(max-width: 225px) 100vw, 225px\" \/><\/a><\/p>\n<p>En cuanto a Municipalia, que ha celebrado en las mismas fechas su 21 edici\u00f3n, Ilersis ha dado a conocer en su stand las diferentes brigadas de servicios de la fundaci\u00f3n, as\u00ed como los productos de BO de Shalom, la unidad de la Fundaci\u00f3n especializada en la comercializaci\u00f3n de productos artesanos y de proximidad, con un sello de calidad y buen servicio.<\/p>\n<p><a href=\"https:\/\/ilersis.org\/content\/uploads\/2021\/10\/WhatsApp-Image-2021-10-19-at-15.19.22.jpeg\"><img decoding=\"async\" class=\"size-medium wp-image-14122 aligncenter\" src=\"https:\/\/ilersis.org\/content\/uploads\/2021\/10\/WhatsApp-Image-2021-10-19-at-15.19.22-300x200.jpeg\" alt=\"Ilersis, \u00c0uria Grup, Municipalia\" width=\"300\" height=\"200\" srcset=\"https:\/\/ilersis.org\/wp-content\/uploads\/2021\/10\/WhatsApp-Image-2021-10-19-at-15.19.22-300x200.jpeg 300w, https:\/\/ilersis.org\/wp-content\/uploads\/2021\/10\/WhatsApp-Image-2021-10-19-at-15.19.22-1024x682.jpeg 1024w, https:\/\/ilersis.org\/wp-content\/uploads\/2021\/10\/WhatsApp-Image-2021-10-19-at-15.19.22-768x512.jpeg 768w, https:\/\/ilersis.org\/wp-content\/uploads\/2021\/10\/WhatsApp-Image-2021-10-19-at-15.19.22-1536x1023.jpeg 1536w, https:\/\/ilersis.org\/wp-content\/uploads\/2021\/10\/WhatsApp-Image-2021-10-19-at-15.19.22.jpeg 1600w\" sizes=\"(max-width: 300px) 100vw, 300px\" \/><\/a><\/p>\n<p>Cabe destacar que el Sal\u00f3n Gourmets es la feria de alimentaci\u00f3n y bebidas de mayor calidad de Europa y una de las m\u00e1s prestigiosas del mundo, mientras que Municipalia es el certamen de referencia para los ayuntamientos, que encuentran en este espacio las mejores soluciones para la gesti\u00f3n municipal.<\/p>\n<p><a href=\"https:\/\/ilersis.org\/content\/uploads\/2021\/10\/WhatsApp-Image-2021-10-19-at-10.40.57.jpeg\"><img loading=\"lazy\" decoding=\"async\" class=\"alignnone size-medium wp-image-14124\" src=\"https:\/\/ilersis.org\/content\/uploads\/2021\/10\/WhatsApp-Image-2021-10-19-at-10.40.57-300x225.jpeg\" alt=\"Ilersis, Municipalia 2021\" width=\"300\" height=\"225\" srcset=\"https:\/\/ilersis.org\/wp-content\/uploads\/2021\/10\/WhatsApp-Image-2021-10-19-at-10.40.57-300x225.jpeg 300w, https:\/\/ilersis.org\/wp-content\/uploads\/2021\/10\/WhatsApp-Image-2021-10-19-at-10.40.57-1024x768.jpeg 1024w, https:\/\/ilersis.org\/wp-content\/uploads\/2021\/10\/WhatsApp-Image-2021-10-19-at-10.40.57-768x576.jpeg 768w, https:\/\/ilersis.org\/wp-content\/uploads\/2021\/10\/WhatsApp-Image-2021-10-19-at-10.40.57-1536x1152.jpeg 1536w, https:\/\/ilersis.org\/wp-content\/uploads\/2021\/10\/WhatsApp-Image-2021-10-19-at-10.40.57.jpeg 2048w\" sizes=\"(max-width: 300px) 100vw, 300px\" \/>                           <\/a><a href=\"https:\/\/ilersis.org\/content\/uploads\/2021\/10\/WhatsApp-Image-2021-10-18-at-15.38.34.jpeg\"><img loading=\"lazy\" decoding=\"async\" class=\"alignnone size-medium wp-image-14118\" src=\"https:\/\/ilersis.org\/content\/uploads\/2021\/10\/WhatsApp-Image-2021-10-18-at-15.38.34-300x225.jpeg\" alt=\"Ilersis, Sal\u00f3n Gourmet Madrid\" width=\"300\" height=\"225\" srcset=\"https:\/\/ilersis.org\/wp-content\/uploads\/2021\/10\/WhatsApp-Image-2021-10-18-at-15.38.34-300x225.jpeg 300w, https:\/\/ilersis.org\/wp-content\/uploads\/2021\/10\/WhatsApp-Image-2021-10-18-at-15.38.34-768x576.jpeg 768w, https:\/\/ilersis.org\/wp-content\/uploads\/2021\/10\/WhatsApp-Image-2021-10-18-at-15.38.34.jpeg 1024w\" sizes=\"(max-width: 300px) 100vw, 300px\" \/><\/a><\/p>\n<p>&nbsp;<\/p>\n<p>&nbsp;<\/p>\n","protected":false},"excerpt":{"rendered":"<p>En Madrid ha expuesto su packaging, mientras que en Lleida ha dado a conocer las brigadas de servicios y productos de BO de Shalom La Fundaci\u00f3n Privada Ilersis ha participado durante la \u00faltima semana en dos ferias de referencia en sus respectivos sectores, como el Sal\u00f3n Gourmets de Madrid y Municipalia, en Lleida. En el [&hellip;]<\/p>\n","protected":false},"author":1,"featured_media":19280,"comment_status":"open","ping_status":"closed","sticky":false,"template":"","format":"standard","meta":{"footnotes":""},"categories":[97,100,98],"tags":[],"class_list":["post-19556","post","type-post","status-publish","format-standard","has-post-thumbnail","hentry","category-bo-ilersis-es","category-ilersis-es","category-lotes-de-navidad"],"yoast_head":"<!-- This site is optimized with the Yoast SEO plugin v27.0 - https:\/\/yoast.com\/product\/yoast-seo-wordpress\/ -->\n<title>Ilersis participa en el Sal\u00f3n Gourmets y en Municipalia, dos ferias de referencia en sus respectivos sectores - Ilersis<\/title>\n<meta name=\"robots\" content=\"index, follow, max-snippet:-1, max-image-preview:large, max-video-preview:-1\" \/>\n<link rel=\"canonical\" href=\"https:\/\/ilersis.org\/es\/bo-ilersis-es\/ilersis-participa-en-el-salon-gourmets-y-en-municipalia-dos-ferias-de-referencia-en-sus-respectivos-sectores\/\" \/>\n<meta property=\"og:locale\" content=\"es_ES\" \/>\n<meta property=\"og:type\" content=\"article\" \/>\n<meta property=\"og:title\" content=\"Ilersis participa en el Sal\u00f3n Gourmets y en Municipalia, dos ferias de referencia en sus respectivos sectores - Ilersis\" \/>\n<meta property=\"og:description\" content=\"En Madrid ha expuesto su packaging, mientras que en Lleida ha dado a conocer las brigadas de servicios y productos de BO de Shalom La Fundaci\u00f3n Privada Ilersis ha participado durante la \u00faltima semana en dos ferias de referencia en sus respectivos sectores, como el Sal\u00f3n Gourmets de Madrid y Municipalia, en Lleida. En el [&hellip;]\" \/>\n<meta property=\"og:url\" content=\"https:\/\/ilersis.org\/es\/bo-ilersis-es\/ilersis-participa-en-el-salon-gourmets-y-en-municipalia-dos-ferias-de-referencia-en-sus-respectivos-sectores\/\" \/>\n<meta property=\"og:site_name\" content=\"Ilersis\" \/>\n<meta property=\"article:publisher\" content=\"https:\/\/www.facebook.com\/fundacioIlersis\" \/>\n<meta property=\"article:published_time\" content=\"2021-10-26T08:24:42+00:00\" \/>\n<meta property=\"article:modified_time\" content=\"2025-03-18T12:46:56+00:00\" \/>\n<meta property=\"og:image\" content=\"https:\/\/ilersis.org\/wp-content\/uploads\/2021\/10\/WhatsApp-Image-2021-10-18-at-16.43.161.jpeg\" \/>\n\t<meta property=\"og:image:width\" content=\"1024\" \/>\n\t<meta property=\"og:image:height\" content=\"768\" \/>\n\t<meta property=\"og:image:type\" content=\"image\/jpeg\" \/>\n<meta name=\"author\" content=\"ilersiswp_adm\" \/>\n<meta name=\"twitter:card\" content=\"summary_large_image\" \/>\n<meta name=\"twitter:creator\" content=\"@ILERSISfundacio\" \/>\n<meta name=\"twitter:site\" content=\"@ILERSISfundacio\" \/>\n<meta name=\"twitter:label1\" content=\"Escrito por\" \/>\n\t<meta name=\"twitter:data1\" content=\"ilersiswp_adm\" \/>\n\t<meta name=\"twitter:label2\" content=\"Tiempo de lectura\" \/>\n\t<meta name=\"twitter:data2\" content=\"1 minuto\" \/>\n<script type=\"application\/ld+json\" class=\"yoast-schema-graph\">{\"@context\":\"https:\/\/schema.org\",\"@graph\":[{\"@type\":\"Article\",\"@id\":\"https:\/\/ilersis.org\/es\/bo-ilersis-es\/ilersis-participa-en-el-salon-gourmets-y-en-municipalia-dos-ferias-de-referencia-en-sus-respectivos-sectores\/#article\",\"isPartOf\":{\"@id\":\"https:\/\/ilersis.org\/es\/bo-ilersis-es\/ilersis-participa-en-el-salon-gourmets-y-en-municipalia-dos-ferias-de-referencia-en-sus-respectivos-sectores\/\"},\"author\":{\"name\":\"ilersiswp_adm\",\"@id\":\"https:\/\/ilersis.org\/es\/#\/schema\/person\/bb84677df622199dc090158740dd36b8\"},\"headline\":\"Ilersis participa en el Sal\u00f3n Gourmets y en Municipalia, dos ferias de referencia en sus respectivos sectores\",\"datePublished\":\"2021-10-26T08:24:42+00:00\",\"dateModified\":\"2025-03-18T12:46:56+00:00\",\"mainEntityOfPage\":{\"@id\":\"https:\/\/ilersis.org\/es\/bo-ilersis-es\/ilersis-participa-en-el-salon-gourmets-y-en-municipalia-dos-ferias-de-referencia-en-sus-respectivos-sectores\/\"},\"wordCount\":236,\"commentCount\":0,\"publisher\":{\"@id\":\"https:\/\/ilersis.org\/es\/#organization\"},\"image\":{\"@id\":\"https:\/\/ilersis.org\/es\/bo-ilersis-es\/ilersis-participa-en-el-salon-gourmets-y-en-municipalia-dos-ferias-de-referencia-en-sus-respectivos-sectores\/#primaryimage\"},\"thumbnailUrl\":\"https:\/\/ilersis.org\/wp-content\/uploads\/2021\/10\/WhatsApp-Image-2021-10-18-at-16.43.161.jpeg\",\"articleSection\":[\"BO Ilersis\",\"Ilersis\",\"Lotes de Navidad\"],\"inLanguage\":\"es\",\"potentialAction\":[{\"@type\":\"CommentAction\",\"name\":\"Comment\",\"target\":[\"https:\/\/ilersis.org\/es\/bo-ilersis-es\/ilersis-participa-en-el-salon-gourmets-y-en-municipalia-dos-ferias-de-referencia-en-sus-respectivos-sectores\/#respond\"]}]},{\"@type\":\"WebPage\",\"@id\":\"https:\/\/ilersis.org\/es\/bo-ilersis-es\/ilersis-participa-en-el-salon-gourmets-y-en-municipalia-dos-ferias-de-referencia-en-sus-respectivos-sectores\/\",\"url\":\"https:\/\/ilersis.org\/es\/bo-ilersis-es\/ilersis-participa-en-el-salon-gourmets-y-en-municipalia-dos-ferias-de-referencia-en-sus-respectivos-sectores\/\",\"name\":\"Ilersis participa en el Sal\u00f3n Gourmets y en Municipalia, dos ferias de referencia en sus respectivos sectores - Ilersis\",\"isPartOf\":{\"@id\":\"https:\/\/ilersis.org\/es\/#website\"},\"primaryImageOfPage\":{\"@id\":\"https:\/\/ilersis.org\/es\/bo-ilersis-es\/ilersis-participa-en-el-salon-gourmets-y-en-municipalia-dos-ferias-de-referencia-en-sus-respectivos-sectores\/#primaryimage\"},\"image\":{\"@id\":\"https:\/\/ilersis.org\/es\/bo-ilersis-es\/ilersis-participa-en-el-salon-gourmets-y-en-municipalia-dos-ferias-de-referencia-en-sus-respectivos-sectores\/#primaryimage\"},\"thumbnailUrl\":\"https:\/\/ilersis.org\/wp-content\/uploads\/2021\/10\/WhatsApp-Image-2021-10-18-at-16.43.161.jpeg\",\"datePublished\":\"2021-10-26T08:24:42+00:00\",\"dateModified\":\"2025-03-18T12:46:56+00:00\",\"breadcrumb\":{\"@id\":\"https:\/\/ilersis.org\/es\/bo-ilersis-es\/ilersis-participa-en-el-salon-gourmets-y-en-municipalia-dos-ferias-de-referencia-en-sus-respectivos-sectores\/#breadcrumb\"},\"inLanguage\":\"es\",\"potentialAction\":[{\"@type\":\"ReadAction\",\"target\":[\"https:\/\/ilersis.org\/es\/bo-ilersis-es\/ilersis-participa-en-el-salon-gourmets-y-en-municipalia-dos-ferias-de-referencia-en-sus-respectivos-sectores\/\"]}]},{\"@type\":\"ImageObject\",\"inLanguage\":\"es\",\"@id\":\"https:\/\/ilersis.org\/es\/bo-ilersis-es\/ilersis-participa-en-el-salon-gourmets-y-en-municipalia-dos-ferias-de-referencia-en-sus-respectivos-sectores\/#primaryimage\",\"url\":\"https:\/\/ilersis.org\/wp-content\/uploads\/2021\/10\/WhatsApp-Image-2021-10-18-at-16.43.161.jpeg\",\"contentUrl\":\"https:\/\/ilersis.org\/wp-content\/uploads\/2021\/10\/WhatsApp-Image-2021-10-18-at-16.43.161.jpeg\",\"width\":1024,\"height\":768},{\"@type\":\"BreadcrumbList\",\"@id\":\"https:\/\/ilersis.org\/es\/bo-ilersis-es\/ilersis-participa-en-el-salon-gourmets-y-en-municipalia-dos-ferias-de-referencia-en-sus-respectivos-sectores\/#breadcrumb\",\"itemListElement\":[{\"@type\":\"ListItem\",\"position\":1,\"name\":\"Hogar\",\"item\":\"https:\/\/ilersis.org\/es\/\"},{\"@type\":\"ListItem\",\"position\":2,\"name\":\"Ilersis participa en el Sal\u00f3n Gourmets y en Municipalia, dos ferias de referencia en sus respectivos sectores\"}]},{\"@type\":\"WebSite\",\"@id\":\"https:\/\/ilersis.org\/es\/#website\",\"url\":\"https:\/\/ilersis.org\/es\/\",\"name\":\"Ilersis\",\"description\":\"Fundaci\u00f3n Ilersis\",\"publisher\":{\"@id\":\"https:\/\/ilersis.org\/es\/#organization\"},\"potentialAction\":[{\"@type\":\"SearchAction\",\"target\":{\"@type\":\"EntryPoint\",\"urlTemplate\":\"https:\/\/ilersis.org\/es\/?s={search_term_string}\"},\"query-input\":{\"@type\":\"PropertyValueSpecification\",\"valueRequired\":true,\"valueName\":\"search_term_string\"}}],\"inLanguage\":\"es\"},{\"@type\":\"Organization\",\"@id\":\"https:\/\/ilersis.org\/es\/#organization\",\"name\":\"Ilersis Fundaci\u00f3 Privada\",\"url\":\"https:\/\/ilersis.org\/es\/\",\"logo\":{\"@type\":\"ImageObject\",\"inLanguage\":\"es\",\"@id\":\"https:\/\/ilersis.org\/es\/#\/schema\/logo\/image\/\",\"url\":\"https:\/\/ilersis.org\/wp-content\/uploads\/2024\/10\/logo-ilersis-sin-fondo.png\",\"contentUrl\":\"https:\/\/ilersis.org\/wp-content\/uploads\/2024\/10\/logo-ilersis-sin-fondo.png\",\"width\":595,\"height\":197,\"caption\":\"Ilersis Fundaci\u00f3 Privada\"},\"image\":{\"@id\":\"https:\/\/ilersis.org\/es\/#\/schema\/logo\/image\/\"},\"sameAs\":[\"https:\/\/www.facebook.com\/fundacioIlersis\",\"https:\/\/x.com\/ILERSISfundacio\",\"https:\/\/www.linkedin.com\/company\/fundacioilersis\/\"]},{\"@type\":\"Person\",\"@id\":\"https:\/\/ilersis.org\/es\/#\/schema\/person\/bb84677df622199dc090158740dd36b8\",\"name\":\"ilersiswp_adm\",\"image\":{\"@type\":\"ImageObject\",\"inLanguage\":\"es\",\"@id\":\"https:\/\/ilersis.org\/es\/#\/schema\/person\/image\/\",\"url\":\"https:\/\/secure.gravatar.com\/avatar\/d1fb17fc43f480c1318bfde6d8aec6cc47cc63bed94c5686fb831b5b6e8b6399?s=96&d=mm&r=g\",\"contentUrl\":\"https:\/\/secure.gravatar.com\/avatar\/d1fb17fc43f480c1318bfde6d8aec6cc47cc63bed94c5686fb831b5b6e8b6399?s=96&d=mm&r=g\",\"caption\":\"ilersiswp_adm\"},\"sameAs\":[\"https:\/\/ilersis.org\"],\"url\":\"https:\/\/ilersis.org\/es\/author\/ilersiswp_adm\/\"}]}<\/script>\n<!-- \/ Yoast SEO plugin. -->","yoast_head_json":{"title":"Ilersis participa en el Sal\u00f3n Gourmets y en Municipalia, dos ferias de referencia en sus respectivos sectores - Ilersis","robots":{"index":"index","follow":"follow","max-snippet":"max-snippet:-1","max-image-preview":"max-image-preview:large","max-video-preview":"max-video-preview:-1"},"canonical":"https:\/\/ilersis.org\/es\/bo-ilersis-es\/ilersis-participa-en-el-salon-gourmets-y-en-municipalia-dos-ferias-de-referencia-en-sus-respectivos-sectores\/","og_locale":"es_ES","og_type":"article","og_title":"Ilersis participa en el Sal\u00f3n Gourmets y en Municipalia, dos ferias de referencia en sus respectivos sectores - Ilersis","og_description":"En Madrid ha expuesto su packaging, mientras que en Lleida ha dado a conocer las brigadas de servicios y productos de BO de Shalom La Fundaci\u00f3n Privada Ilersis ha participado durante la \u00faltima semana en dos ferias de referencia en sus respectivos sectores, como el Sal\u00f3n Gourmets de Madrid y Municipalia, en Lleida. En el [&hellip;]","og_url":"https:\/\/ilersis.org\/es\/bo-ilersis-es\/ilersis-participa-en-el-salon-gourmets-y-en-municipalia-dos-ferias-de-referencia-en-sus-respectivos-sectores\/","og_site_name":"Ilersis","article_publisher":"https:\/\/www.facebook.com\/fundacioIlersis","article_published_time":"2021-10-26T08:24:42+00:00","article_modified_time":"2025-03-18T12:46:56+00:00","og_image":[{"width":1024,"height":768,"url":"https:\/\/ilersis.org\/wp-content\/uploads\/2021\/10\/WhatsApp-Image-2021-10-18-at-16.43.161.jpeg","type":"image\/jpeg"}],"author":"ilersiswp_adm","twitter_card":"summary_large_image","twitter_creator":"@ILERSISfundacio","twitter_site":"@ILERSISfundacio","twitter_misc":{"Escrito por":"ilersiswp_adm","Tiempo de lectura":"1 minuto"},"schema":{"@context":"https:\/\/schema.org","@graph":[{"@type":"Article","@id":"https:\/\/ilersis.org\/es\/bo-ilersis-es\/ilersis-participa-en-el-salon-gourmets-y-en-municipalia-dos-ferias-de-referencia-en-sus-respectivos-sectores\/#article","isPartOf":{"@id":"https:\/\/ilersis.org\/es\/bo-ilersis-es\/ilersis-participa-en-el-salon-gourmets-y-en-municipalia-dos-ferias-de-referencia-en-sus-respectivos-sectores\/"},"author":{"name":"ilersiswp_adm","@id":"https:\/\/ilersis.org\/es\/#\/schema\/person\/bb84677df622199dc090158740dd36b8"},"headline":"Ilersis participa en el Sal\u00f3n Gourmets y en Municipalia, dos ferias de referencia en sus respectivos sectores","datePublished":"2021-10-26T08:24:42+00:00","dateModified":"2025-03-18T12:46:56+00:00","mainEntityOfPage":{"@id":"https:\/\/ilersis.org\/es\/bo-ilersis-es\/ilersis-participa-en-el-salon-gourmets-y-en-municipalia-dos-ferias-de-referencia-en-sus-respectivos-sectores\/"},"wordCount":236,"commentCount":0,"publisher":{"@id":"https:\/\/ilersis.org\/es\/#organization"},"image":{"@id":"https:\/\/ilersis.org\/es\/bo-ilersis-es\/ilersis-participa-en-el-salon-gourmets-y-en-municipalia-dos-ferias-de-referencia-en-sus-respectivos-sectores\/#primaryimage"},"thumbnailUrl":"https:\/\/ilersis.org\/wp-content\/uploads\/2021\/10\/WhatsApp-Image-2021-10-18-at-16.43.161.jpeg","articleSection":["BO Ilersis","Ilersis","Lotes de Navidad"],"inLanguage":"es","potentialAction":[{"@type":"CommentAction","name":"Comment","target":["https:\/\/ilersis.org\/es\/bo-ilersis-es\/ilersis-participa-en-el-salon-gourmets-y-en-municipalia-dos-ferias-de-referencia-en-sus-respectivos-sectores\/#respond"]}]},{"@type":"WebPage","@id":"https:\/\/ilersis.org\/es\/bo-ilersis-es\/ilersis-participa-en-el-salon-gourmets-y-en-municipalia-dos-ferias-de-referencia-en-sus-respectivos-sectores\/","url":"https:\/\/ilersis.org\/es\/bo-ilersis-es\/ilersis-participa-en-el-salon-gourmets-y-en-municipalia-dos-ferias-de-referencia-en-sus-respectivos-sectores\/","name":"Ilersis participa en el Sal\u00f3n Gourmets y en Municipalia, dos ferias de referencia en sus respectivos sectores - Ilersis","isPartOf":{"@id":"https:\/\/ilersis.org\/es\/#website"},"primaryImageOfPage":{"@id":"https:\/\/ilersis.org\/es\/bo-ilersis-es\/ilersis-participa-en-el-salon-gourmets-y-en-municipalia-dos-ferias-de-referencia-en-sus-respectivos-sectores\/#primaryimage"},"image":{"@id":"https:\/\/ilersis.org\/es\/bo-ilersis-es\/ilersis-participa-en-el-salon-gourmets-y-en-municipalia-dos-ferias-de-referencia-en-sus-respectivos-sectores\/#primaryimage"},"thumbnailUrl":"https:\/\/ilersis.org\/wp-content\/uploads\/2021\/10\/WhatsApp-Image-2021-10-18-at-16.43.161.jpeg","datePublished":"2021-10-26T08:24:42+00:00","dateModified":"2025-03-18T12:46:56+00:00","breadcrumb":{"@id":"https:\/\/ilersis.org\/es\/bo-ilersis-es\/ilersis-participa-en-el-salon-gourmets-y-en-municipalia-dos-ferias-de-referencia-en-sus-respectivos-sectores\/#breadcrumb"},"inLanguage":"es","potentialAction":[{"@type":"ReadAction","target":["https:\/\/ilersis.org\/es\/bo-ilersis-es\/ilersis-participa-en-el-salon-gourmets-y-en-municipalia-dos-ferias-de-referencia-en-sus-respectivos-sectores\/"]}]},{"@type":"ImageObject","inLanguage":"es","@id":"https:\/\/ilersis.org\/es\/bo-ilersis-es\/ilersis-participa-en-el-salon-gourmets-y-en-municipalia-dos-ferias-de-referencia-en-sus-respectivos-sectores\/#primaryimage","url":"https:\/\/ilersis.org\/wp-content\/uploads\/2021\/10\/WhatsApp-Image-2021-10-18-at-16.43.161.jpeg","contentUrl":"https:\/\/ilersis.org\/wp-content\/uploads\/2021\/10\/WhatsApp-Image-2021-10-18-at-16.43.161.jpeg","width":1024,"height":768},{"@type":"BreadcrumbList","@id":"https:\/\/ilersis.org\/es\/bo-ilersis-es\/ilersis-participa-en-el-salon-gourmets-y-en-municipalia-dos-ferias-de-referencia-en-sus-respectivos-sectores\/#breadcrumb","itemListElement":[{"@type":"ListItem","position":1,"name":"Hogar","item":"https:\/\/ilersis.org\/es\/"},{"@type":"ListItem","position":2,"name":"Ilersis participa en el Sal\u00f3n Gourmets y en Municipalia, dos ferias de referencia en sus respectivos sectores"}]},{"@type":"WebSite","@id":"https:\/\/ilersis.org\/es\/#website","url":"https:\/\/ilersis.org\/es\/","name":"Ilersis","description":"Fundaci\u00f3n Ilersis","publisher":{"@id":"https:\/\/ilersis.org\/es\/#organization"},"potentialAction":[{"@type":"SearchAction","target":{"@type":"EntryPoint","urlTemplate":"https:\/\/ilersis.org\/es\/?s={search_term_string}"},"query-input":{"@type":"PropertyValueSpecification","valueRequired":true,"valueName":"search_term_string"}}],"inLanguage":"es"},{"@type":"Organization","@id":"https:\/\/ilersis.org\/es\/#organization","name":"Ilersis Fundaci\u00f3 Privada","url":"https:\/\/ilersis.org\/es\/","logo":{"@type":"ImageObject","inLanguage":"es","@id":"https:\/\/ilersis.org\/es\/#\/schema\/logo\/image\/","url":"https:\/\/ilersis.org\/wp-content\/uploads\/2024\/10\/logo-ilersis-sin-fondo.png","contentUrl":"https:\/\/ilersis.org\/wp-content\/uploads\/2024\/10\/logo-ilersis-sin-fondo.png","width":595,"height":197,"caption":"Ilersis Fundaci\u00f3 Privada"},"image":{"@id":"https:\/\/ilersis.org\/es\/#\/schema\/logo\/image\/"},"sameAs":["https:\/\/www.facebook.com\/fundacioIlersis","https:\/\/x.com\/ILERSISfundacio","https:\/\/www.linkedin.com\/company\/fundacioilersis\/"]},{"@type":"Person","@id":"https:\/\/ilersis.org\/es\/#\/schema\/person\/bb84677df622199dc090158740dd36b8","name":"ilersiswp_adm","image":{"@type":"ImageObject","inLanguage":"es","@id":"https:\/\/ilersis.org\/es\/#\/schema\/person\/image\/","url":"https:\/\/secure.gravatar.com\/avatar\/d1fb17fc43f480c1318bfde6d8aec6cc47cc63bed94c5686fb831b5b6e8b6399?s=96&d=mm&r=g","contentUrl":"https:\/\/secure.gravatar.com\/avatar\/d1fb17fc43f480c1318bfde6d8aec6cc47cc63bed94c5686fb831b5b6e8b6399?s=96&d=mm&r=g","caption":"ilersiswp_adm"},"sameAs":["https:\/\/ilersis.org"],"url":"https:\/\/ilersis.org\/es\/author\/ilersiswp_adm\/"}]}},"_links":{"self":[{"href":"https:\/\/ilersis.org\/es\/wp-json\/wp\/v2\/posts\/19556","targetHints":{"allow":["GET"]}}],"collection":[{"href":"https:\/\/ilersis.org\/es\/wp-json\/wp\/v2\/posts"}],"about":[{"href":"https:\/\/ilersis.org\/es\/wp-json\/wp\/v2\/types\/post"}],"author":[{"embeddable":true,"href":"https:\/\/ilersis.org\/es\/wp-json\/wp\/v2\/users\/1"}],"replies":[{"embeddable":true,"href":"https:\/\/ilersis.org\/es\/wp-json\/wp\/v2\/comments?post=19556"}],"version-history":[{"count":1,"href":"https:\/\/ilersis.org\/es\/wp-json\/wp\/v2\/posts\/19556\/revisions"}],"predecessor-version":[{"id":19557,"href":"https:\/\/ilersis.org\/es\/wp-json\/wp\/v2\/posts\/19556\/revisions\/19557"}],"wp:featuredmedia":[{"embeddable":true,"href":"https:\/\/ilersis.org\/es\/wp-json\/wp\/v2\/media\/19280"}],"wp:attachment":[{"href":"https:\/\/ilersis.org\/es\/wp-json\/wp\/v2\/media?parent=19556"}],"wp:term":[{"taxonomy":"category","embeddable":true,"href":"https:\/\/ilersis.org\/es\/wp-json\/wp\/v2\/categories?post=19556"},{"taxonomy":"post_tag","embeddable":true,"href":"https:\/\/ilersis.org\/es\/wp-json\/wp\/v2\/tags?post=19556"}],"curies":[{"name":"wp","href":"https:\/\/api.w.org\/{rel}","templated":true}]}}