{"id":19551,"date":"2021-11-11T10:12:58","date_gmt":"2021-11-11T08:12:58","guid":{"rendered":"https:\/\/ilersis.org\/centros-colaboradores-de-la-rifa-de-navidad-de-ilersis\/"},"modified":"2025-02-15T16:23:36","modified_gmt":"2025-02-15T14:23:36","slug":"centros-colaboradores-de-la-rifa-de-navidad-de-ilersis","status":"publish","type":"post","link":"https:\/\/ilersis.org\/es\/ilersis-es\/centros-colaboradores-de-la-rifa-de-navidad-de-ilersis\/","title":{"rendered":"Centros colaboradores de la rifa de Navidad de Ilersis"},"content":{"rendered":"<p>La Fundaci\u00f3n Privada <span class=\"hiddenSpellError\">Ilersis<\/span> seguir\u00e1 buscando la suerte este a\u00f1o en el sorteo de Navidad. Cada participaci\u00f3n tiene un coste de 5\u20ac y un recargo de 1\u20ac que se destinar\u00e1 a la construcci\u00f3n del Taller de la Fundaci\u00f3n y este a\u00f1o jugar\u00e1 con el n\u00famero 68.650.<\/p>\n<p>La loter\u00eda ya est\u00e1 a la venta y los puntos donde la puedes encontrar est\u00e1 en:<\/p>\n<ul>\n<li>&#8216; <a href=\"https:\/\/www.instagram.com\/stylebyfrancescpeytavi\/\"><strong>Peluquer\u00eda <span class=\"hiddenSpellError\">Style<\/span><\/strong><\/a> &#8216;, situada en la C\/ Juego de la Bola 24<\/li>\n<\/ul>\n<p><a href=\"https:\/\/ilersis.org\/content\/uploads\/2021\/11\/Style-peluqueria.jpg\">        <img decoding=\"async\" class=\"alignnone wp-image-14301\" src=\"https:\/\/ilersis.org\/content\/uploads\/2021\/11\/Style-peluqueria-296x300.jpg\" alt=\"\" width=\"185\" height=\"188\" srcset=\"https:\/\/ilersis.org\/wp-content\/uploads\/2021\/11\/Style-peluqueria-296x300.jpg 296w, https:\/\/ilersis.org\/wp-content\/uploads\/2021\/11\/Style-peluqueria-1010x1024.jpg 1010w, https:\/\/ilersis.org\/wp-content\/uploads\/2021\/11\/Style-peluqueria-768x779.jpg 768w, https:\/\/ilersis.org\/wp-content\/uploads\/2021\/11\/Style-peluqueria.jpg 1080w\" sizes=\"(max-width: 185px) 100vw, 185px\" \/><\/a><\/p>\n<ul>\n<li>Florister\u00eda &#8216; <a href=\"https:\/\/www.instagram.com\/flairesiflors\/\"><strong>Flaires i Flors<\/strong><\/a> &#8216;, que se encuentra en la <span class=\"hiddenSpellError\">Avda<\/span> de les Garrigues 29<\/li>\n<\/ul>\n<p><a href=\"https:\/\/ilersis.org\/content\/uploads\/2021\/11\/flairesiflors.png\">       <img decoding=\"async\" class=\"alignnone wp-image-14303\" src=\"https:\/\/ilersis.org\/content\/uploads\/2021\/11\/flairesiflors-300x171.png\" alt=\"\" width=\"252\" height=\"144\" srcset=\"https:\/\/ilersis.org\/wp-content\/uploads\/2021\/11\/flairesiflors-300x171.png 300w, https:\/\/ilersis.org\/wp-content\/uploads\/2021\/11\/flairesiflors-768x438.png 768w, https:\/\/ilersis.org\/wp-content\/uploads\/2021\/11\/flairesiflors.png 1000w\" sizes=\"(max-width: 252px) 100vw, 252px\" \/><\/a><\/p>\n<ul>\n<li>Centro m\u00e9dico y est\u00e9tico &#8216; <a href=\"https:\/\/www.instagram.com\/noemiclerchmedicinaestetica\/\"><strong><span class=\"hiddenSpellError\">Noemi<\/span> <span class=\"hiddenSpellError\">Clerch<\/span><\/strong><\/a> &#8216;, situado en la <span class=\"hiddenSpellError\">Avda<\/span> . Alcalde Rovira Roure, 40<\/li>\n<\/ul>\n<p><a href=\"https:\/\/ilersis.org\/content\/uploads\/2021\/11\/Noemi-Clerch.jpg\">      <img decoding=\"async\" class=\"alignnone wp-image-14305\" src=\"https:\/\/ilersis.org\/content\/uploads\/2021\/11\/Noemi-Clerch-300x300.jpg\" alt=\"\" width=\"198\" height=\"198\" srcset=\"https:\/\/ilersis.org\/wp-content\/uploads\/2021\/11\/Noemi-Clerch-300x300.jpg 300w, https:\/\/ilersis.org\/wp-content\/uploads\/2021\/11\/Noemi-Clerch-150x150.jpg 150w, https:\/\/ilersis.org\/wp-content\/uploads\/2021\/11\/Noemi-Clerch.jpg 531w\" sizes=\"(max-width: 198px) 100vw, 198px\" \/><\/a><\/p>\n<ul>\n<li>Tienda de ropa y complementos &#8216; <a href=\"https:\/\/www.instagram.com\/kruilla\/\"><strong><span class=\"hiddenSpellError\">Kru\u00eflla<\/span><\/strong><\/a> &#8216;, en C\/ Vila Ant\u00f2nia, 4<\/li>\n<\/ul>\n<p><a href=\"https:\/\/ilersis.org\/content\/uploads\/2021\/11\/Captura-de-Pantalla-2021-11-11-a-les-9.52.05.jpg\">          <img loading=\"lazy\" decoding=\"async\" class=\"alignnone wp-image-14307\" src=\"https:\/\/ilersis.org\/content\/uploads\/2021\/11\/Captura-de-Pantalla-2021-11-11-a-les-9.52.05-300x291.jpg\" alt=\"\" width=\"179\" height=\"173\" srcset=\"https:\/\/ilersis.org\/wp-content\/uploads\/2021\/11\/Captura-de-Pantalla-2021-11-11-a-les-9.52.05-300x291.jpg 300w, https:\/\/ilersis.org\/wp-content\/uploads\/2021\/11\/Captura-de-Pantalla-2021-11-11-a-les-9.52.05.jpg 607w\" sizes=\"(max-width: 179px) 100vw, 179px\" \/><\/a><\/p>\n<p>\u00a1Ay\u00fadanos a construir el futuro de <span class=\"hiddenSpellError\">Ilersis<\/span> y participa en el sorteo de Navidad!<\/p>\n","protected":false},"excerpt":{"rendered":"<p>La Fundaci\u00f3n Privada Ilersis seguir\u00e1 buscando la suerte este a\u00f1o en el sorteo de Navidad. Cada participaci\u00f3n tiene un coste de 5\u20ac y un recargo de 1\u20ac que se destinar\u00e1 a la construcci\u00f3n del Taller de la Fundaci\u00f3n y este a\u00f1o jugar\u00e1 con el n\u00famero 68.650. La loter\u00eda ya est\u00e1 a la venta y los [&hellip;]<\/p>\n","protected":false},"author":1,"featured_media":19302,"comment_status":"open","ping_status":"closed","sticky":false,"template":"","format":"standard","meta":{"footnotes":""},"categories":[100],"tags":[],"class_list":["post-19551","post","type-post","status-publish","format-standard","has-post-thumbnail","hentry","category-ilersis-es"],"yoast_head":"<!-- This site is optimized with the Yoast SEO plugin v27.0 - https:\/\/yoast.com\/product\/yoast-seo-wordpress\/ -->\n<title>Centros colaboradores de la rifa de Navidad de Ilersis - Ilersis<\/title>\n<meta name=\"robots\" content=\"index, follow, max-snippet:-1, max-image-preview:large, max-video-preview:-1\" \/>\n<link rel=\"canonical\" href=\"https:\/\/ilersis.org\/es\/ilersis-es\/centros-colaboradores-de-la-rifa-de-navidad-de-ilersis\/\" \/>\n<meta property=\"og:locale\" content=\"es_ES\" \/>\n<meta property=\"og:type\" content=\"article\" \/>\n<meta property=\"og:title\" content=\"Centros colaboradores de la rifa de Navidad de Ilersis - Ilersis\" \/>\n<meta property=\"og:description\" content=\"La Fundaci\u00f3n Privada Ilersis seguir\u00e1 buscando la suerte este a\u00f1o en el sorteo de Navidad. Cada participaci\u00f3n tiene un coste de 5\u20ac y un recargo de 1\u20ac que se destinar\u00e1 a la construcci\u00f3n del Taller de la Fundaci\u00f3n y este a\u00f1o jugar\u00e1 con el n\u00famero 68.650. La loter\u00eda ya est\u00e1 a la venta y los [&hellip;]\" \/>\n<meta property=\"og:url\" content=\"https:\/\/ilersis.org\/es\/ilersis-es\/centros-colaboradores-de-la-rifa-de-navidad-de-ilersis\/\" \/>\n<meta property=\"og:site_name\" content=\"Ilersis\" \/>\n<meta property=\"article:publisher\" content=\"https:\/\/www.facebook.com\/fundacioIlersis\" \/>\n<meta property=\"article:published_time\" content=\"2021-11-11T08:12:58+00:00\" \/>\n<meta property=\"article:modified_time\" content=\"2025-02-15T14:23:36+00:00\" \/>\n<meta property=\"og:image\" content=\"https:\/\/ilersis.org\/wp-content\/uploads\/2021\/11\/Loteria-Ilersis.jpg\" \/>\n\t<meta property=\"og:image:width\" content=\"1600\" \/>\n\t<meta property=\"og:image:height\" content=\"1200\" \/>\n\t<meta property=\"og:image:type\" content=\"image\/jpeg\" \/>\n<meta name=\"author\" content=\"ilersiswp_adm\" \/>\n<meta name=\"twitter:card\" content=\"summary_large_image\" \/>\n<meta name=\"twitter:creator\" content=\"@ILERSISfundacio\" \/>\n<meta name=\"twitter:site\" content=\"@ILERSISfundacio\" \/>\n<meta name=\"twitter:label1\" content=\"Escrito por\" \/>\n\t<meta name=\"twitter:data1\" content=\"ilersiswp_adm\" \/>\n\t<meta name=\"twitter:label2\" content=\"Tiempo de lectura\" \/>\n\t<meta name=\"twitter:data2\" content=\"1 minuto\" \/>\n<script type=\"application\/ld+json\" class=\"yoast-schema-graph\">{\"@context\":\"https:\/\/schema.org\",\"@graph\":[{\"@type\":\"Article\",\"@id\":\"https:\/\/ilersis.org\/es\/ilersis-es\/centros-colaboradores-de-la-rifa-de-navidad-de-ilersis\/#article\",\"isPartOf\":{\"@id\":\"https:\/\/ilersis.org\/es\/ilersis-es\/centros-colaboradores-de-la-rifa-de-navidad-de-ilersis\/\"},\"author\":{\"name\":\"ilersiswp_adm\",\"@id\":\"https:\/\/ilersis.org\/es\/#\/schema\/person\/bb84677df622199dc090158740dd36b8\"},\"headline\":\"Centros colaboradores de la rifa de Navidad de Ilersis\",\"datePublished\":\"2021-11-11T08:12:58+00:00\",\"dateModified\":\"2025-02-15T14:23:36+00:00\",\"mainEntityOfPage\":{\"@id\":\"https:\/\/ilersis.org\/es\/ilersis-es\/centros-colaboradores-de-la-rifa-de-navidad-de-ilersis\/\"},\"wordCount\":143,\"commentCount\":0,\"publisher\":{\"@id\":\"https:\/\/ilersis.org\/es\/#organization\"},\"image\":{\"@id\":\"https:\/\/ilersis.org\/es\/ilersis-es\/centros-colaboradores-de-la-rifa-de-navidad-de-ilersis\/#primaryimage\"},\"thumbnailUrl\":\"https:\/\/ilersis.org\/wp-content\/uploads\/2021\/11\/Loteria-Ilersis.jpg\",\"articleSection\":[\"Ilersis\"],\"inLanguage\":\"es\",\"potentialAction\":[{\"@type\":\"CommentAction\",\"name\":\"Comment\",\"target\":[\"https:\/\/ilersis.org\/es\/ilersis-es\/centros-colaboradores-de-la-rifa-de-navidad-de-ilersis\/#respond\"]}]},{\"@type\":\"WebPage\",\"@id\":\"https:\/\/ilersis.org\/es\/ilersis-es\/centros-colaboradores-de-la-rifa-de-navidad-de-ilersis\/\",\"url\":\"https:\/\/ilersis.org\/es\/ilersis-es\/centros-colaboradores-de-la-rifa-de-navidad-de-ilersis\/\",\"name\":\"Centros colaboradores de la rifa de Navidad de Ilersis - Ilersis\",\"isPartOf\":{\"@id\":\"https:\/\/ilersis.org\/es\/#website\"},\"primaryImageOfPage\":{\"@id\":\"https:\/\/ilersis.org\/es\/ilersis-es\/centros-colaboradores-de-la-rifa-de-navidad-de-ilersis\/#primaryimage\"},\"image\":{\"@id\":\"https:\/\/ilersis.org\/es\/ilersis-es\/centros-colaboradores-de-la-rifa-de-navidad-de-ilersis\/#primaryimage\"},\"thumbnailUrl\":\"https:\/\/ilersis.org\/wp-content\/uploads\/2021\/11\/Loteria-Ilersis.jpg\",\"datePublished\":\"2021-11-11T08:12:58+00:00\",\"dateModified\":\"2025-02-15T14:23:36+00:00\",\"breadcrumb\":{\"@id\":\"https:\/\/ilersis.org\/es\/ilersis-es\/centros-colaboradores-de-la-rifa-de-navidad-de-ilersis\/#breadcrumb\"},\"inLanguage\":\"es\",\"potentialAction\":[{\"@type\":\"ReadAction\",\"target\":[\"https:\/\/ilersis.org\/es\/ilersis-es\/centros-colaboradores-de-la-rifa-de-navidad-de-ilersis\/\"]}]},{\"@type\":\"ImageObject\",\"inLanguage\":\"es\",\"@id\":\"https:\/\/ilersis.org\/es\/ilersis-es\/centros-colaboradores-de-la-rifa-de-navidad-de-ilersis\/#primaryimage\",\"url\":\"https:\/\/ilersis.org\/wp-content\/uploads\/2021\/11\/Loteria-Ilersis.jpg\",\"contentUrl\":\"https:\/\/ilersis.org\/wp-content\/uploads\/2021\/11\/Loteria-Ilersis.jpg\",\"width\":1600,\"height\":1200},{\"@type\":\"BreadcrumbList\",\"@id\":\"https:\/\/ilersis.org\/es\/ilersis-es\/centros-colaboradores-de-la-rifa-de-navidad-de-ilersis\/#breadcrumb\",\"itemListElement\":[{\"@type\":\"ListItem\",\"position\":1,\"name\":\"Hogar\",\"item\":\"https:\/\/ilersis.org\/es\/\"},{\"@type\":\"ListItem\",\"position\":2,\"name\":\"Centros colaboradores de la rifa de Navidad de Ilersis\"}]},{\"@type\":\"WebSite\",\"@id\":\"https:\/\/ilersis.org\/es\/#website\",\"url\":\"https:\/\/ilersis.org\/es\/\",\"name\":\"Ilersis\",\"description\":\"Fundaci\u00f3n Ilersis\",\"publisher\":{\"@id\":\"https:\/\/ilersis.org\/es\/#organization\"},\"potentialAction\":[{\"@type\":\"SearchAction\",\"target\":{\"@type\":\"EntryPoint\",\"urlTemplate\":\"https:\/\/ilersis.org\/es\/?s={search_term_string}\"},\"query-input\":{\"@type\":\"PropertyValueSpecification\",\"valueRequired\":true,\"valueName\":\"search_term_string\"}}],\"inLanguage\":\"es\"},{\"@type\":\"Organization\",\"@id\":\"https:\/\/ilersis.org\/es\/#organization\",\"name\":\"Ilersis Fundaci\u00f3 Privada\",\"url\":\"https:\/\/ilersis.org\/es\/\",\"logo\":{\"@type\":\"ImageObject\",\"inLanguage\":\"es\",\"@id\":\"https:\/\/ilersis.org\/es\/#\/schema\/logo\/image\/\",\"url\":\"https:\/\/ilersis.org\/wp-content\/uploads\/2024\/10\/logo-ilersis-sin-fondo.png\",\"contentUrl\":\"https:\/\/ilersis.org\/wp-content\/uploads\/2024\/10\/logo-ilersis-sin-fondo.png\",\"width\":595,\"height\":197,\"caption\":\"Ilersis Fundaci\u00f3 Privada\"},\"image\":{\"@id\":\"https:\/\/ilersis.org\/es\/#\/schema\/logo\/image\/\"},\"sameAs\":[\"https:\/\/www.facebook.com\/fundacioIlersis\",\"https:\/\/x.com\/ILERSISfundacio\",\"https:\/\/www.linkedin.com\/company\/fundacioilersis\/\"]},{\"@type\":\"Person\",\"@id\":\"https:\/\/ilersis.org\/es\/#\/schema\/person\/bb84677df622199dc090158740dd36b8\",\"name\":\"ilersiswp_adm\",\"image\":{\"@type\":\"ImageObject\",\"inLanguage\":\"es\",\"@id\":\"https:\/\/ilersis.org\/es\/#\/schema\/person\/image\/\",\"url\":\"https:\/\/secure.gravatar.com\/avatar\/d1fb17fc43f480c1318bfde6d8aec6cc47cc63bed94c5686fb831b5b6e8b6399?s=96&d=mm&r=g\",\"contentUrl\":\"https:\/\/secure.gravatar.com\/avatar\/d1fb17fc43f480c1318bfde6d8aec6cc47cc63bed94c5686fb831b5b6e8b6399?s=96&d=mm&r=g\",\"caption\":\"ilersiswp_adm\"},\"sameAs\":[\"https:\/\/ilersis.org\"],\"url\":\"https:\/\/ilersis.org\/es\/author\/ilersiswp_adm\/\"}]}<\/script>\n<!-- \/ Yoast SEO plugin. -->","yoast_head_json":{"title":"Centros colaboradores de la rifa de Navidad de Ilersis - Ilersis","robots":{"index":"index","follow":"follow","max-snippet":"max-snippet:-1","max-image-preview":"max-image-preview:large","max-video-preview":"max-video-preview:-1"},"canonical":"https:\/\/ilersis.org\/es\/ilersis-es\/centros-colaboradores-de-la-rifa-de-navidad-de-ilersis\/","og_locale":"es_ES","og_type":"article","og_title":"Centros colaboradores de la rifa de Navidad de Ilersis - Ilersis","og_description":"La Fundaci\u00f3n Privada Ilersis seguir\u00e1 buscando la suerte este a\u00f1o en el sorteo de Navidad. Cada participaci\u00f3n tiene un coste de 5\u20ac y un recargo de 1\u20ac que se destinar\u00e1 a la construcci\u00f3n del Taller de la Fundaci\u00f3n y este a\u00f1o jugar\u00e1 con el n\u00famero 68.650. La loter\u00eda ya est\u00e1 a la venta y los [&hellip;]","og_url":"https:\/\/ilersis.org\/es\/ilersis-es\/centros-colaboradores-de-la-rifa-de-navidad-de-ilersis\/","og_site_name":"Ilersis","article_publisher":"https:\/\/www.facebook.com\/fundacioIlersis","article_published_time":"2021-11-11T08:12:58+00:00","article_modified_time":"2025-02-15T14:23:36+00:00","og_image":[{"width":1600,"height":1200,"url":"https:\/\/ilersis.org\/wp-content\/uploads\/2021\/11\/Loteria-Ilersis.jpg","type":"image\/jpeg"}],"author":"ilersiswp_adm","twitter_card":"summary_large_image","twitter_creator":"@ILERSISfundacio","twitter_site":"@ILERSISfundacio","twitter_misc":{"Escrito por":"ilersiswp_adm","Tiempo de lectura":"1 minuto"},"schema":{"@context":"https:\/\/schema.org","@graph":[{"@type":"Article","@id":"https:\/\/ilersis.org\/es\/ilersis-es\/centros-colaboradores-de-la-rifa-de-navidad-de-ilersis\/#article","isPartOf":{"@id":"https:\/\/ilersis.org\/es\/ilersis-es\/centros-colaboradores-de-la-rifa-de-navidad-de-ilersis\/"},"author":{"name":"ilersiswp_adm","@id":"https:\/\/ilersis.org\/es\/#\/schema\/person\/bb84677df622199dc090158740dd36b8"},"headline":"Centros colaboradores de la rifa de Navidad de Ilersis","datePublished":"2021-11-11T08:12:58+00:00","dateModified":"2025-02-15T14:23:36+00:00","mainEntityOfPage":{"@id":"https:\/\/ilersis.org\/es\/ilersis-es\/centros-colaboradores-de-la-rifa-de-navidad-de-ilersis\/"},"wordCount":143,"commentCount":0,"publisher":{"@id":"https:\/\/ilersis.org\/es\/#organization"},"image":{"@id":"https:\/\/ilersis.org\/es\/ilersis-es\/centros-colaboradores-de-la-rifa-de-navidad-de-ilersis\/#primaryimage"},"thumbnailUrl":"https:\/\/ilersis.org\/wp-content\/uploads\/2021\/11\/Loteria-Ilersis.jpg","articleSection":["Ilersis"],"inLanguage":"es","potentialAction":[{"@type":"CommentAction","name":"Comment","target":["https:\/\/ilersis.org\/es\/ilersis-es\/centros-colaboradores-de-la-rifa-de-navidad-de-ilersis\/#respond"]}]},{"@type":"WebPage","@id":"https:\/\/ilersis.org\/es\/ilersis-es\/centros-colaboradores-de-la-rifa-de-navidad-de-ilersis\/","url":"https:\/\/ilersis.org\/es\/ilersis-es\/centros-colaboradores-de-la-rifa-de-navidad-de-ilersis\/","name":"Centros colaboradores de la rifa de Navidad de Ilersis - Ilersis","isPartOf":{"@id":"https:\/\/ilersis.org\/es\/#website"},"primaryImageOfPage":{"@id":"https:\/\/ilersis.org\/es\/ilersis-es\/centros-colaboradores-de-la-rifa-de-navidad-de-ilersis\/#primaryimage"},"image":{"@id":"https:\/\/ilersis.org\/es\/ilersis-es\/centros-colaboradores-de-la-rifa-de-navidad-de-ilersis\/#primaryimage"},"thumbnailUrl":"https:\/\/ilersis.org\/wp-content\/uploads\/2021\/11\/Loteria-Ilersis.jpg","datePublished":"2021-11-11T08:12:58+00:00","dateModified":"2025-02-15T14:23:36+00:00","breadcrumb":{"@id":"https:\/\/ilersis.org\/es\/ilersis-es\/centros-colaboradores-de-la-rifa-de-navidad-de-ilersis\/#breadcrumb"},"inLanguage":"es","potentialAction":[{"@type":"ReadAction","target":["https:\/\/ilersis.org\/es\/ilersis-es\/centros-colaboradores-de-la-rifa-de-navidad-de-ilersis\/"]}]},{"@type":"ImageObject","inLanguage":"es","@id":"https:\/\/ilersis.org\/es\/ilersis-es\/centros-colaboradores-de-la-rifa-de-navidad-de-ilersis\/#primaryimage","url":"https:\/\/ilersis.org\/wp-content\/uploads\/2021\/11\/Loteria-Ilersis.jpg","contentUrl":"https:\/\/ilersis.org\/wp-content\/uploads\/2021\/11\/Loteria-Ilersis.jpg","width":1600,"height":1200},{"@type":"BreadcrumbList","@id":"https:\/\/ilersis.org\/es\/ilersis-es\/centros-colaboradores-de-la-rifa-de-navidad-de-ilersis\/#breadcrumb","itemListElement":[{"@type":"ListItem","position":1,"name":"Hogar","item":"https:\/\/ilersis.org\/es\/"},{"@type":"ListItem","position":2,"name":"Centros colaboradores de la rifa de Navidad de Ilersis"}]},{"@type":"WebSite","@id":"https:\/\/ilersis.org\/es\/#website","url":"https:\/\/ilersis.org\/es\/","name":"Ilersis","description":"Fundaci\u00f3n Ilersis","publisher":{"@id":"https:\/\/ilersis.org\/es\/#organization"},"potentialAction":[{"@type":"SearchAction","target":{"@type":"EntryPoint","urlTemplate":"https:\/\/ilersis.org\/es\/?s={search_term_string}"},"query-input":{"@type":"PropertyValueSpecification","valueRequired":true,"valueName":"search_term_string"}}],"inLanguage":"es"},{"@type":"Organization","@id":"https:\/\/ilersis.org\/es\/#organization","name":"Ilersis Fundaci\u00f3 Privada","url":"https:\/\/ilersis.org\/es\/","logo":{"@type":"ImageObject","inLanguage":"es","@id":"https:\/\/ilersis.org\/es\/#\/schema\/logo\/image\/","url":"https:\/\/ilersis.org\/wp-content\/uploads\/2024\/10\/logo-ilersis-sin-fondo.png","contentUrl":"https:\/\/ilersis.org\/wp-content\/uploads\/2024\/10\/logo-ilersis-sin-fondo.png","width":595,"height":197,"caption":"Ilersis Fundaci\u00f3 Privada"},"image":{"@id":"https:\/\/ilersis.org\/es\/#\/schema\/logo\/image\/"},"sameAs":["https:\/\/www.facebook.com\/fundacioIlersis","https:\/\/x.com\/ILERSISfundacio","https:\/\/www.linkedin.com\/company\/fundacioilersis\/"]},{"@type":"Person","@id":"https:\/\/ilersis.org\/es\/#\/schema\/person\/bb84677df622199dc090158740dd36b8","name":"ilersiswp_adm","image":{"@type":"ImageObject","inLanguage":"es","@id":"https:\/\/ilersis.org\/es\/#\/schema\/person\/image\/","url":"https:\/\/secure.gravatar.com\/avatar\/d1fb17fc43f480c1318bfde6d8aec6cc47cc63bed94c5686fb831b5b6e8b6399?s=96&d=mm&r=g","contentUrl":"https:\/\/secure.gravatar.com\/avatar\/d1fb17fc43f480c1318bfde6d8aec6cc47cc63bed94c5686fb831b5b6e8b6399?s=96&d=mm&r=g","caption":"ilersiswp_adm"},"sameAs":["https:\/\/ilersis.org"],"url":"https:\/\/ilersis.org\/es\/author\/ilersiswp_adm\/"}]}},"_links":{"self":[{"href":"https:\/\/ilersis.org\/es\/wp-json\/wp\/v2\/posts\/19551","targetHints":{"allow":["GET"]}}],"collection":[{"href":"https:\/\/ilersis.org\/es\/wp-json\/wp\/v2\/posts"}],"about":[{"href":"https:\/\/ilersis.org\/es\/wp-json\/wp\/v2\/types\/post"}],"author":[{"embeddable":true,"href":"https:\/\/ilersis.org\/es\/wp-json\/wp\/v2\/users\/1"}],"replies":[{"embeddable":true,"href":"https:\/\/ilersis.org\/es\/wp-json\/wp\/v2\/comments?post=19551"}],"version-history":[{"count":1,"href":"https:\/\/ilersis.org\/es\/wp-json\/wp\/v2\/posts\/19551\/revisions"}],"predecessor-version":[{"id":19554,"href":"https:\/\/ilersis.org\/es\/wp-json\/wp\/v2\/posts\/19551\/revisions\/19554"}],"wp:featuredmedia":[{"embeddable":true,"href":"https:\/\/ilersis.org\/es\/wp-json\/wp\/v2\/media\/19302"}],"wp:attachment":[{"href":"https:\/\/ilersis.org\/es\/wp-json\/wp\/v2\/media?parent=19551"}],"wp:term":[{"taxonomy":"category","embeddable":true,"href":"https:\/\/ilersis.org\/es\/wp-json\/wp\/v2\/categories?post=19551"},{"taxonomy":"post_tag","embeddable":true,"href":"https:\/\/ilersis.org\/es\/wp-json\/wp\/v2\/tags?post=19551"}],"curies":[{"name":"wp","href":"https:\/\/api.w.org\/{rel}","templated":true}]}}