{"id":19514,"date":"2024-06-28T13:00:00","date_gmt":"2024-06-28T11:00:00","guid":{"rendered":"https:\/\/ilersis.org\/nuevo-proyecto-de-apoyo-a-las-personas-en-su-entorno-natural\/"},"modified":"2025-02-15T16:19:15","modified_gmt":"2025-02-15T14:19:15","slug":"nuevo-proyecto-de-apoyo-a-las-personas-en-su-entorno-natural","status":"publish","type":"post","link":"https:\/\/ilersis.org\/es\/ilersis-es\/nuevo-proyecto-de-apoyo-a-las-personas-en-su-entorno-natural\/","title":{"rendered":"Nuevo proyecto de apoyo a las personas en su entorno natural"},"content":{"rendered":"<p>La Fundaci\u00f3n Ilersis ha puesto en marcha una iniciativa innovadora para ofrecer apoyo a las personas en su entorno natural, atendiendo especialmente a las necesidades derivadas del envejecimiento. Este proyecto pretende dar respuesta a la decisi\u00f3n personal y familiar de vivir en casa, asegurando una vida digna y aut\u00f3noma en sus hogares.<\/p>\n<h2>Objetivos y principios del proyecto<\/h2>\n<p>El objetivo principal es proporcionar un apoyo integral que permita a las personas mayores vivir de forma independiente y digna en sus propios hogares. Asimismo, busca contribuir a la transformaci\u00f3n social, mejorar los servicios existentes y promover la participaci\u00f3n en actividades comunitarias. Otro objetivo es fomentar la inclusi\u00f3n y la interacci\u00f3n social.<\/p>\n<p>Para ello, el proyecto se basa en tres principios fundamentales. En primer lugar, el principio de empoderamiento: Fomentar la autonom\u00eda personal. En segundo lugar, el derecho a vivir de forma independiente para garantizar que las personas puedan permanecer en sus hogares. Por \u00faltimo, la participaci\u00f3n en la comunidad. Se busca promover la inclusi\u00f3n social y la participaci\u00f3n activa en la vida comunitaria.<\/p>\n<p>Por otra parte, las actividades y servicios incluidos en este proyecto son diversos y completos:<\/p>\n<ul>\n<li><strong>Visitas y seguimientos m\u00e9dicos<\/strong> : Atenci\u00f3n sanitaria continuada para garantizar el bienestar f\u00edsico.<\/li>\n<li><strong>Gesti\u00f3n farmacol\u00f3gica<\/strong> : Supervisi\u00f3n y administraci\u00f3n de la medicaci\u00f3n necesaria.<\/li>\n<li><strong>Velatorio hospitalario<\/strong> : Apoyo en caso de hospitalizaci\u00f3n.<\/li>\n<li><strong>Atenci\u00f3n domiciliaria<\/strong> : Incluye limpieza del hogar, soporte en el cuidado personal y asistencia en la alimentaci\u00f3n.<\/li>\n<li><strong>Gesti\u00f3n de tr\u00e1mites administrativos<\/strong> : Acompa\u00f1amiento en la realizaci\u00f3n de tr\u00e1mites burocr\u00e1ticos.<\/li>\n<\/ul>\n<p>Este proyecto se basa en valores como el bienestar emocional, las relaciones interpersonales, el bienestar material o el desarrollo personal. Tambi\u00e9n trabaja la autodeterminaci\u00f3n, los derechos y la inclusi\u00f3n social. Desde enero de 2021, las actividades del proyecto se han establecido como soportes permanentes, adapt\u00e1ndose a las necesidades y demandas de las personas, as\u00ed como al v\u00ednculo existente entre la persona, la familia y la entidad.<\/p>\n<p>Con esta iniciativa, la Fundaci\u00f3n Ilersis reafirma su compromiso social y contin\u00faa su labor para conseguir una mejor vida para todos nuestros usuarios y sus familias.<\/p>\n<p>Este proyecto se ha financiado dentro de la convocatoria ordinaria de subvenciones para entidades del \u00e1mbito de pol\u00edticas sociales del Departamento de Derechos Sociales de la Generalidad de Catalu\u00f1a, durante los a\u00f1os 2022 y 2023.<\/p>\n<p><a href=\"https:\/\/ilersis.org\/content\/uploads\/2023\/12\/drets_socials_h3.png\"><img decoding=\"async\" class=\"alignnone wp-image-15625\" src=\"https:\/\/ilersis.org\/content\/uploads\/2023\/12\/drets_socials_h3-300x71.png\" alt=\"departamento de derechos sociales\" width=\"203\" height=\"48\" srcset=\"https:\/\/ilersis.org\/wp-content\/uploads\/2023\/12\/drets_socials_h3-300x71.png 300w, https:\/\/ilersis.org\/wp-content\/uploads\/2023\/12\/drets_socials_h3.png 454w\" sizes=\"(max-width: 203px) 100vw, 203px\" \/><\/a><\/p>\n","protected":false},"excerpt":{"rendered":"<p>La Fundaci\u00f3n Ilersis ha puesto en marcha una iniciativa innovadora para ofrecer apoyo a las personas en su entorno natural, atendiendo especialmente a las necesidades derivadas del envejecimiento. Este proyecto pretende dar respuesta a la decisi\u00f3n personal y familiar de vivir en casa, asegurando una vida digna y aut\u00f3noma en sus hogares. Objetivos y principios [&hellip;]<\/p>\n","protected":false},"author":1,"featured_media":19357,"comment_status":"open","ping_status":"closed","sticky":false,"template":"","format":"standard","meta":{"footnotes":""},"categories":[100],"tags":[61],"class_list":["post-19514","post","type-post","status-publish","format-standard","has-post-thumbnail","hentry","category-ilersis-es","tag-apoyo-al-envejecimiento"],"yoast_head":"<!-- This site is optimized with the Yoast SEO plugin v27.0 - https:\/\/yoast.com\/product\/yoast-seo-wordpress\/ -->\n<title>Nuevo proyecto de apoyo a las personas en su entorno natural - Ilersis<\/title>\n<meta name=\"description\" content=\"La Fundaci\u00f3n Ilersis ha puesto en marcha una iniciativa innovadora para ofrecer apoyo a las personas en su entorno natural y atender al envejecimiento.\" \/>\n<meta name=\"robots\" content=\"index, follow, max-snippet:-1, max-image-preview:large, max-video-preview:-1\" \/>\n<link rel=\"canonical\" href=\"https:\/\/ilersis.org\/es\/ilersis-es\/nuevo-proyecto-de-apoyo-a-las-personas-en-su-entorno-natural\/\" \/>\n<meta property=\"og:locale\" content=\"es_ES\" \/>\n<meta property=\"og:type\" content=\"article\" \/>\n<meta property=\"og:title\" content=\"Nuevo proyecto de apoyo a las personas en su entorno natural - Ilersis\" \/>\n<meta property=\"og:description\" content=\"La Fundaci\u00f3n Ilersis ha puesto en marcha una iniciativa innovadora para ofrecer apoyo a las personas en su entorno natural y atender al envejecimiento.\" \/>\n<meta property=\"og:url\" content=\"https:\/\/ilersis.org\/es\/ilersis-es\/nuevo-proyecto-de-apoyo-a-las-personas-en-su-entorno-natural\/\" \/>\n<meta property=\"og:site_name\" content=\"Ilersis\" \/>\n<meta property=\"article:publisher\" content=\"https:\/\/www.facebook.com\/fundacioIlersis\" \/>\n<meta property=\"article:published_time\" content=\"2024-06-28T11:00:00+00:00\" \/>\n<meta property=\"article:modified_time\" content=\"2025-02-15T14:19:15+00:00\" \/>\n<meta property=\"og:image\" content=\"https:\/\/ilersis.org\/wp-content\/uploads\/2024\/06\/ILersis-@DaviddelVal-515-baixa.jpg\" \/>\n\t<meta property=\"og:image:width\" content=\"1200\" \/>\n\t<meta property=\"og:image:height\" content=\"798\" \/>\n\t<meta property=\"og:image:type\" content=\"image\/jpeg\" \/>\n<meta name=\"author\" content=\"ilersiswp_adm\" \/>\n<meta name=\"twitter:card\" content=\"summary_large_image\" \/>\n<meta name=\"twitter:creator\" content=\"@ILERSISfundacio\" \/>\n<meta name=\"twitter:site\" content=\"@ILERSISfundacio\" \/>\n<meta name=\"twitter:label1\" content=\"Escrito por\" \/>\n\t<meta name=\"twitter:data1\" content=\"ilersiswp_adm\" \/>\n\t<meta name=\"twitter:label2\" content=\"Tiempo de lectura\" \/>\n\t<meta name=\"twitter:data2\" content=\"2 minutos\" \/>\n<script type=\"application\/ld+json\" class=\"yoast-schema-graph\">{\"@context\":\"https:\/\/schema.org\",\"@graph\":[{\"@type\":\"Article\",\"@id\":\"https:\/\/ilersis.org\/es\/ilersis-es\/nuevo-proyecto-de-apoyo-a-las-personas-en-su-entorno-natural\/#article\",\"isPartOf\":{\"@id\":\"https:\/\/ilersis.org\/es\/ilersis-es\/nuevo-proyecto-de-apoyo-a-las-personas-en-su-entorno-natural\/\"},\"author\":{\"name\":\"ilersiswp_adm\",\"@id\":\"https:\/\/ilersis.org\/es\/#\/schema\/person\/bb84677df622199dc090158740dd36b8\"},\"headline\":\"Nuevo proyecto de apoyo a las personas en su entorno natural\",\"datePublished\":\"2024-06-28T11:00:00+00:00\",\"dateModified\":\"2025-02-15T14:19:15+00:00\",\"mainEntityOfPage\":{\"@id\":\"https:\/\/ilersis.org\/es\/ilersis-es\/nuevo-proyecto-de-apoyo-a-las-personas-en-su-entorno-natural\/\"},\"wordCount\":414,\"commentCount\":0,\"publisher\":{\"@id\":\"https:\/\/ilersis.org\/es\/#organization\"},\"image\":{\"@id\":\"https:\/\/ilersis.org\/es\/ilersis-es\/nuevo-proyecto-de-apoyo-a-las-personas-en-su-entorno-natural\/#primaryimage\"},\"thumbnailUrl\":\"https:\/\/ilersis.org\/wp-content\/uploads\/2024\/06\/ILersis-@DaviddelVal-515-baixa.jpg\",\"keywords\":[\"apoyo al envejecimiento\"],\"articleSection\":[\"Ilersis\"],\"inLanguage\":\"es\",\"potentialAction\":[{\"@type\":\"CommentAction\",\"name\":\"Comment\",\"target\":[\"https:\/\/ilersis.org\/es\/ilersis-es\/nuevo-proyecto-de-apoyo-a-las-personas-en-su-entorno-natural\/#respond\"]}]},{\"@type\":\"WebPage\",\"@id\":\"https:\/\/ilersis.org\/es\/ilersis-es\/nuevo-proyecto-de-apoyo-a-las-personas-en-su-entorno-natural\/\",\"url\":\"https:\/\/ilersis.org\/es\/ilersis-es\/nuevo-proyecto-de-apoyo-a-las-personas-en-su-entorno-natural\/\",\"name\":\"Nuevo proyecto de apoyo a las personas en su entorno natural - Ilersis\",\"isPartOf\":{\"@id\":\"https:\/\/ilersis.org\/es\/#website\"},\"primaryImageOfPage\":{\"@id\":\"https:\/\/ilersis.org\/es\/ilersis-es\/nuevo-proyecto-de-apoyo-a-las-personas-en-su-entorno-natural\/#primaryimage\"},\"image\":{\"@id\":\"https:\/\/ilersis.org\/es\/ilersis-es\/nuevo-proyecto-de-apoyo-a-las-personas-en-su-entorno-natural\/#primaryimage\"},\"thumbnailUrl\":\"https:\/\/ilersis.org\/wp-content\/uploads\/2024\/06\/ILersis-@DaviddelVal-515-baixa.jpg\",\"datePublished\":\"2024-06-28T11:00:00+00:00\",\"dateModified\":\"2025-02-15T14:19:15+00:00\",\"description\":\"La Fundaci\u00f3n Ilersis ha puesto en marcha una iniciativa innovadora para ofrecer apoyo a las personas en su entorno natural y atender al envejecimiento.\",\"breadcrumb\":{\"@id\":\"https:\/\/ilersis.org\/es\/ilersis-es\/nuevo-proyecto-de-apoyo-a-las-personas-en-su-entorno-natural\/#breadcrumb\"},\"inLanguage\":\"es\",\"potentialAction\":[{\"@type\":\"ReadAction\",\"target\":[\"https:\/\/ilersis.org\/es\/ilersis-es\/nuevo-proyecto-de-apoyo-a-las-personas-en-su-entorno-natural\/\"]}]},{\"@type\":\"ImageObject\",\"inLanguage\":\"es\",\"@id\":\"https:\/\/ilersis.org\/es\/ilersis-es\/nuevo-proyecto-de-apoyo-a-las-personas-en-su-entorno-natural\/#primaryimage\",\"url\":\"https:\/\/ilersis.org\/wp-content\/uploads\/2024\/06\/ILersis-@DaviddelVal-515-baixa.jpg\",\"contentUrl\":\"https:\/\/ilersis.org\/wp-content\/uploads\/2024\/06\/ILersis-@DaviddelVal-515-baixa.jpg\",\"width\":1200,\"height\":798},{\"@type\":\"BreadcrumbList\",\"@id\":\"https:\/\/ilersis.org\/es\/ilersis-es\/nuevo-proyecto-de-apoyo-a-las-personas-en-su-entorno-natural\/#breadcrumb\",\"itemListElement\":[{\"@type\":\"ListItem\",\"position\":1,\"name\":\"Hogar\",\"item\":\"https:\/\/ilersis.org\/es\/\"},{\"@type\":\"ListItem\",\"position\":2,\"name\":\"Nuevo proyecto de apoyo a las personas en su entorno natural\"}]},{\"@type\":\"WebSite\",\"@id\":\"https:\/\/ilersis.org\/es\/#website\",\"url\":\"https:\/\/ilersis.org\/es\/\",\"name\":\"Ilersis\",\"description\":\"Fundaci\u00f3n Ilersis\",\"publisher\":{\"@id\":\"https:\/\/ilersis.org\/es\/#organization\"},\"potentialAction\":[{\"@type\":\"SearchAction\",\"target\":{\"@type\":\"EntryPoint\",\"urlTemplate\":\"https:\/\/ilersis.org\/es\/?s={search_term_string}\"},\"query-input\":{\"@type\":\"PropertyValueSpecification\",\"valueRequired\":true,\"valueName\":\"search_term_string\"}}],\"inLanguage\":\"es\"},{\"@type\":\"Organization\",\"@id\":\"https:\/\/ilersis.org\/es\/#organization\",\"name\":\"Ilersis Fundaci\u00f3 Privada\",\"url\":\"https:\/\/ilersis.org\/es\/\",\"logo\":{\"@type\":\"ImageObject\",\"inLanguage\":\"es\",\"@id\":\"https:\/\/ilersis.org\/es\/#\/schema\/logo\/image\/\",\"url\":\"https:\/\/ilersis.org\/wp-content\/uploads\/2024\/10\/logo-ilersis-sin-fondo.png\",\"contentUrl\":\"https:\/\/ilersis.org\/wp-content\/uploads\/2024\/10\/logo-ilersis-sin-fondo.png\",\"width\":595,\"height\":197,\"caption\":\"Ilersis Fundaci\u00f3 Privada\"},\"image\":{\"@id\":\"https:\/\/ilersis.org\/es\/#\/schema\/logo\/image\/\"},\"sameAs\":[\"https:\/\/www.facebook.com\/fundacioIlersis\",\"https:\/\/x.com\/ILERSISfundacio\",\"https:\/\/www.linkedin.com\/company\/fundacioilersis\/\"]},{\"@type\":\"Person\",\"@id\":\"https:\/\/ilersis.org\/es\/#\/schema\/person\/bb84677df622199dc090158740dd36b8\",\"name\":\"ilersiswp_adm\",\"image\":{\"@type\":\"ImageObject\",\"inLanguage\":\"es\",\"@id\":\"https:\/\/ilersis.org\/es\/#\/schema\/person\/image\/\",\"url\":\"https:\/\/secure.gravatar.com\/avatar\/d1fb17fc43f480c1318bfde6d8aec6cc47cc63bed94c5686fb831b5b6e8b6399?s=96&d=mm&r=g\",\"contentUrl\":\"https:\/\/secure.gravatar.com\/avatar\/d1fb17fc43f480c1318bfde6d8aec6cc47cc63bed94c5686fb831b5b6e8b6399?s=96&d=mm&r=g\",\"caption\":\"ilersiswp_adm\"},\"sameAs\":[\"https:\/\/ilersis.org\"],\"url\":\"https:\/\/ilersis.org\/es\/author\/ilersiswp_adm\/\"}]}<\/script>\n<!-- \/ Yoast SEO plugin. -->","yoast_head_json":{"title":"Nuevo proyecto de apoyo a las personas en su entorno natural - Ilersis","description":"La Fundaci\u00f3n Ilersis ha puesto en marcha una iniciativa innovadora para ofrecer apoyo a las personas en su entorno natural y atender al envejecimiento.","robots":{"index":"index","follow":"follow","max-snippet":"max-snippet:-1","max-image-preview":"max-image-preview:large","max-video-preview":"max-video-preview:-1"},"canonical":"https:\/\/ilersis.org\/es\/ilersis-es\/nuevo-proyecto-de-apoyo-a-las-personas-en-su-entorno-natural\/","og_locale":"es_ES","og_type":"article","og_title":"Nuevo proyecto de apoyo a las personas en su entorno natural - Ilersis","og_description":"La Fundaci\u00f3n Ilersis ha puesto en marcha una iniciativa innovadora para ofrecer apoyo a las personas en su entorno natural y atender al envejecimiento.","og_url":"https:\/\/ilersis.org\/es\/ilersis-es\/nuevo-proyecto-de-apoyo-a-las-personas-en-su-entorno-natural\/","og_site_name":"Ilersis","article_publisher":"https:\/\/www.facebook.com\/fundacioIlersis","article_published_time":"2024-06-28T11:00:00+00:00","article_modified_time":"2025-02-15T14:19:15+00:00","og_image":[{"width":1200,"height":798,"url":"https:\/\/ilersis.org\/wp-content\/uploads\/2024\/06\/ILersis-@DaviddelVal-515-baixa.jpg","type":"image\/jpeg"}],"author":"ilersiswp_adm","twitter_card":"summary_large_image","twitter_creator":"@ILERSISfundacio","twitter_site":"@ILERSISfundacio","twitter_misc":{"Escrito por":"ilersiswp_adm","Tiempo de lectura":"2 minutos"},"schema":{"@context":"https:\/\/schema.org","@graph":[{"@type":"Article","@id":"https:\/\/ilersis.org\/es\/ilersis-es\/nuevo-proyecto-de-apoyo-a-las-personas-en-su-entorno-natural\/#article","isPartOf":{"@id":"https:\/\/ilersis.org\/es\/ilersis-es\/nuevo-proyecto-de-apoyo-a-las-personas-en-su-entorno-natural\/"},"author":{"name":"ilersiswp_adm","@id":"https:\/\/ilersis.org\/es\/#\/schema\/person\/bb84677df622199dc090158740dd36b8"},"headline":"Nuevo proyecto de apoyo a las personas en su entorno natural","datePublished":"2024-06-28T11:00:00+00:00","dateModified":"2025-02-15T14:19:15+00:00","mainEntityOfPage":{"@id":"https:\/\/ilersis.org\/es\/ilersis-es\/nuevo-proyecto-de-apoyo-a-las-personas-en-su-entorno-natural\/"},"wordCount":414,"commentCount":0,"publisher":{"@id":"https:\/\/ilersis.org\/es\/#organization"},"image":{"@id":"https:\/\/ilersis.org\/es\/ilersis-es\/nuevo-proyecto-de-apoyo-a-las-personas-en-su-entorno-natural\/#primaryimage"},"thumbnailUrl":"https:\/\/ilersis.org\/wp-content\/uploads\/2024\/06\/ILersis-@DaviddelVal-515-baixa.jpg","keywords":["apoyo al envejecimiento"],"articleSection":["Ilersis"],"inLanguage":"es","potentialAction":[{"@type":"CommentAction","name":"Comment","target":["https:\/\/ilersis.org\/es\/ilersis-es\/nuevo-proyecto-de-apoyo-a-las-personas-en-su-entorno-natural\/#respond"]}]},{"@type":"WebPage","@id":"https:\/\/ilersis.org\/es\/ilersis-es\/nuevo-proyecto-de-apoyo-a-las-personas-en-su-entorno-natural\/","url":"https:\/\/ilersis.org\/es\/ilersis-es\/nuevo-proyecto-de-apoyo-a-las-personas-en-su-entorno-natural\/","name":"Nuevo proyecto de apoyo a las personas en su entorno natural - Ilersis","isPartOf":{"@id":"https:\/\/ilersis.org\/es\/#website"},"primaryImageOfPage":{"@id":"https:\/\/ilersis.org\/es\/ilersis-es\/nuevo-proyecto-de-apoyo-a-las-personas-en-su-entorno-natural\/#primaryimage"},"image":{"@id":"https:\/\/ilersis.org\/es\/ilersis-es\/nuevo-proyecto-de-apoyo-a-las-personas-en-su-entorno-natural\/#primaryimage"},"thumbnailUrl":"https:\/\/ilersis.org\/wp-content\/uploads\/2024\/06\/ILersis-@DaviddelVal-515-baixa.jpg","datePublished":"2024-06-28T11:00:00+00:00","dateModified":"2025-02-15T14:19:15+00:00","description":"La Fundaci\u00f3n Ilersis ha puesto en marcha una iniciativa innovadora para ofrecer apoyo a las personas en su entorno natural y atender al envejecimiento.","breadcrumb":{"@id":"https:\/\/ilersis.org\/es\/ilersis-es\/nuevo-proyecto-de-apoyo-a-las-personas-en-su-entorno-natural\/#breadcrumb"},"inLanguage":"es","potentialAction":[{"@type":"ReadAction","target":["https:\/\/ilersis.org\/es\/ilersis-es\/nuevo-proyecto-de-apoyo-a-las-personas-en-su-entorno-natural\/"]}]},{"@type":"ImageObject","inLanguage":"es","@id":"https:\/\/ilersis.org\/es\/ilersis-es\/nuevo-proyecto-de-apoyo-a-las-personas-en-su-entorno-natural\/#primaryimage","url":"https:\/\/ilersis.org\/wp-content\/uploads\/2024\/06\/ILersis-@DaviddelVal-515-baixa.jpg","contentUrl":"https:\/\/ilersis.org\/wp-content\/uploads\/2024\/06\/ILersis-@DaviddelVal-515-baixa.jpg","width":1200,"height":798},{"@type":"BreadcrumbList","@id":"https:\/\/ilersis.org\/es\/ilersis-es\/nuevo-proyecto-de-apoyo-a-las-personas-en-su-entorno-natural\/#breadcrumb","itemListElement":[{"@type":"ListItem","position":1,"name":"Hogar","item":"https:\/\/ilersis.org\/es\/"},{"@type":"ListItem","position":2,"name":"Nuevo proyecto de apoyo a las personas en su entorno natural"}]},{"@type":"WebSite","@id":"https:\/\/ilersis.org\/es\/#website","url":"https:\/\/ilersis.org\/es\/","name":"Ilersis","description":"Fundaci\u00f3n Ilersis","publisher":{"@id":"https:\/\/ilersis.org\/es\/#organization"},"potentialAction":[{"@type":"SearchAction","target":{"@type":"EntryPoint","urlTemplate":"https:\/\/ilersis.org\/es\/?s={search_term_string}"},"query-input":{"@type":"PropertyValueSpecification","valueRequired":true,"valueName":"search_term_string"}}],"inLanguage":"es"},{"@type":"Organization","@id":"https:\/\/ilersis.org\/es\/#organization","name":"Ilersis Fundaci\u00f3 Privada","url":"https:\/\/ilersis.org\/es\/","logo":{"@type":"ImageObject","inLanguage":"es","@id":"https:\/\/ilersis.org\/es\/#\/schema\/logo\/image\/","url":"https:\/\/ilersis.org\/wp-content\/uploads\/2024\/10\/logo-ilersis-sin-fondo.png","contentUrl":"https:\/\/ilersis.org\/wp-content\/uploads\/2024\/10\/logo-ilersis-sin-fondo.png","width":595,"height":197,"caption":"Ilersis Fundaci\u00f3 Privada"},"image":{"@id":"https:\/\/ilersis.org\/es\/#\/schema\/logo\/image\/"},"sameAs":["https:\/\/www.facebook.com\/fundacioIlersis","https:\/\/x.com\/ILERSISfundacio","https:\/\/www.linkedin.com\/company\/fundacioilersis\/"]},{"@type":"Person","@id":"https:\/\/ilersis.org\/es\/#\/schema\/person\/bb84677df622199dc090158740dd36b8","name":"ilersiswp_adm","image":{"@type":"ImageObject","inLanguage":"es","@id":"https:\/\/ilersis.org\/es\/#\/schema\/person\/image\/","url":"https:\/\/secure.gravatar.com\/avatar\/d1fb17fc43f480c1318bfde6d8aec6cc47cc63bed94c5686fb831b5b6e8b6399?s=96&d=mm&r=g","contentUrl":"https:\/\/secure.gravatar.com\/avatar\/d1fb17fc43f480c1318bfde6d8aec6cc47cc63bed94c5686fb831b5b6e8b6399?s=96&d=mm&r=g","caption":"ilersiswp_adm"},"sameAs":["https:\/\/ilersis.org"],"url":"https:\/\/ilersis.org\/es\/author\/ilersiswp_adm\/"}]}},"_links":{"self":[{"href":"https:\/\/ilersis.org\/es\/wp-json\/wp\/v2\/posts\/19514","targetHints":{"allow":["GET"]}}],"collection":[{"href":"https:\/\/ilersis.org\/es\/wp-json\/wp\/v2\/posts"}],"about":[{"href":"https:\/\/ilersis.org\/es\/wp-json\/wp\/v2\/types\/post"}],"author":[{"embeddable":true,"href":"https:\/\/ilersis.org\/es\/wp-json\/wp\/v2\/users\/1"}],"replies":[{"embeddable":true,"href":"https:\/\/ilersis.org\/es\/wp-json\/wp\/v2\/comments?post=19514"}],"version-history":[{"count":1,"href":"https:\/\/ilersis.org\/es\/wp-json\/wp\/v2\/posts\/19514\/revisions"}],"predecessor-version":[{"id":19515,"href":"https:\/\/ilersis.org\/es\/wp-json\/wp\/v2\/posts\/19514\/revisions\/19515"}],"wp:featuredmedia":[{"embeddable":true,"href":"https:\/\/ilersis.org\/es\/wp-json\/wp\/v2\/media\/19357"}],"wp:attachment":[{"href":"https:\/\/ilersis.org\/es\/wp-json\/wp\/v2\/media?parent=19514"}],"wp:term":[{"taxonomy":"category","embeddable":true,"href":"https:\/\/ilersis.org\/es\/wp-json\/wp\/v2\/categories?post=19514"},{"taxonomy":"post_tag","embeddable":true,"href":"https:\/\/ilersis.org\/es\/wp-json\/wp\/v2\/tags?post=19514"}],"curies":[{"name":"wp","href":"https:\/\/api.w.org\/{rel}","templated":true}]}}